{"id":38732,"date":"2021-09-28T13:38:48","date_gmt":"2021-09-28T13:38:48","guid":{"rendered":"http:\/\/www.friaguinee.net\/?p=38732"},"modified":"2021-09-28T13:38:49","modified_gmt":"2021-09-28T13:38:49","slug":"mali-paris-riposte-avec-fermete-aux-accusations-de-choguel-maiga","status":"publish","type":"post","link":"https:\/\/www.friaguinee.net\/index.php\/2021\/09\/28\/mali-paris-riposte-avec-fermete-aux-accusations-de-choguel-maiga\/","title":{"rendered":"Mali : Paris riposte avec fermet\u00e9 aux accusations de Choguel Ma\u00efga"},"content":{"rendered":"\n<p>Samedi, \u00e0 la tribune de l\u2019ONU, Choguel Ma\u00efga a accus\u00e9 la France d&rsquo;un \u00ab\u00a0<em>abandon en plein vol\u00a0<\/em>\u00bb. Tandis que dimanche sur RFI, le Premier ministre malien\u00a0a ajout\u00e9 avoir\u00a0appris par la presse la fin de l\u2019op\u00e9ration Barkhane. Des propos qui ont provoqu\u00e9 des r\u00e9actions courrouc\u00e9es, lundi 27 septembre, du Quai d&rsquo;Orsay et de la ministre des Arm\u00e9es, Florence Parly.<\/p>\n\n\n\n<p>Le Quai d\u2019Orsay est d\u2019abord mont\u00e9 au cr\u00e9neau, lundi apr\u00e8s-midi&nbsp;27 septembre, pour rejeter les accusations formul\u00e9es par<a href=\"https:\/\/www.rfi.fr\/fr\/afrique\/20210926-%C3%A0-l-onu-choguel-ma%C3%AFga-accuse-la-france-d-abandonner-le-mali-en-retirant-la-force-barkhane\"><strong>&nbsp;le Premier ministre malien qui a accus\u00e9 la France d&rsquo;abandonner le Mali&nbsp;<\/strong><\/a>et d&rsquo;avoir engag\u00e9 le retrait de la force Barkhane sans consultation.&nbsp;\u00ab<em>&nbsp;La transformation de notre dispositif militaire au Sahel ne constitue ni un d\u00e9part du Mali, ni une d\u00e9cision unilat\u00e9rale, et il est faux d\u2019affirmer le contraire&nbsp;<\/em>\u00bb, a d\u00e9clar\u00e9 la porte-parole du ministre fran\u00e7ais des Affaires \u00e9trang\u00e8res.&nbsp;<\/p>\n\n\n\n<p>Avant que Florence Parly ne surench\u00e9risse.&nbsp;\u00ab&nbsp;<em>Quand on a 5 000 soldats et qu&rsquo;on se d\u00e9sengage de trois emprises, et qu&rsquo;on a l&rsquo;intention d&rsquo;en laisser encore plusieurs milliers, ce n&rsquo;est pas l&rsquo;attitude normale d&rsquo;un pays qui a l&rsquo;intention de s&rsquo;en aller&nbsp;<\/em>\u00bb, a argument\u00e9 la ministre fran\u00e7aise des Arm\u00e9es.&nbsp;<\/p>\n\n\n\n<h2 class=\"wp-block-heading\">\u00ab<em>&nbsp;Beaucoup de mauvaise foi, beaucoup d&rsquo;ind\u00e9cence&nbsp;<\/em>\u00bb<\/h2>\n\n\n\n<p>Une ministre visiblement exc\u00e9d\u00e9e par les accusations d\u2019abandon du Mali&nbsp;formul\u00e9es&nbsp;\u00e0 la tribune de l\u2019ONU par Choguel Ma\u00efga. \u00ab<em>&nbsp;C&rsquo;est beaucoup d&rsquo;hypocrisie, c&rsquo;est beaucoup de mauvaise foi, beaucoup d&rsquo;ind\u00e9cence,&nbsp;<\/em>a ajout\u00e9&nbsp;Florence Parly,<em>&nbsp;surtout parce que ces propos ont \u00e9t\u00e9 tenus le samedi 25 septembre. Or, le vendredi 24 septembre, un 52e militaire fran\u00e7ais a donn\u00e9 sa vie pour combattre le terrorisme au Sahel.&nbsp;<\/em>\u00bb<\/p>\n\n\n\n<p>Paris se d\u00e9fend donc de tout abandon et assure que l\u2019\u00e9volution de son dispositif militaire s\u2019est fait en concertation avec ses partenaires sah\u00e9liens depuis le sommet de Pau en janvier 2020.\u00a0La France\u00a0mart\u00e8le, depuis plusieurs jours, que l\u2019arriv\u00e9e du groupe russe Wagner dans le pays serait incompatible avec sa pr\u00e9sence militaire et celle d\u2019autres pays.<\/p>\n\n\n\n<p>RFI<\/p>\n","protected":false},"excerpt":{"rendered":"<p>Samedi, \u00e0 la tribune de l\u2019ONU, Choguel Ma\u00efga a accus\u00e9 la France d&rsquo;un \u00ab\u00a0abandon en plein vol\u00a0\u00bb. Tandis que dimanche sur RFI, le Premier ministre malien\u00a0a ajout\u00e9 avoir\u00a0appris par la presse la fin de l\u2019op\u00e9ration Barkhane. Des propos qui ont provoqu\u00e9 des r\u00e9actions courrouc\u00e9es, lundi 27 septembre, du Quai d&rsquo;Orsay et de la ministre des [&hellip;]<\/p>\n","protected":false},"author":2,"featured_media":38733,"comment_status":"open","ping_status":"open","sticky":false,"template":"","format":"standard","meta":{"footnotes":""},"categories":[43],"tags":[2491,7240,8168,95,2519,846],"class_list":["post-38732","post","type-post","status-publish","format-standard","has-post-thumbnail","hentry","category-monde","tag-accusations","tag-choguel-maiga","tag-florence-parly","tag-france","tag-mali","tag-paris"],"_links":{"self":[{"href":"https:\/\/www.friaguinee.net\/index.php\/wp-json\/wp\/v2\/posts\/38732","targetHints":{"allow":["GET"]}}],"collection":[{"href":"https:\/\/www.friaguinee.net\/index.php\/wp-json\/wp\/v2\/posts"}],"about":[{"href":"https:\/\/www.friaguinee.net\/index.php\/wp-json\/wp\/v2\/types\/post"}],"author":[{"embeddable":true,"href":"https:\/\/www.friaguinee.net\/index.php\/wp-json\/wp\/v2\/users\/2"}],"replies":[{"embeddable":true,"href":"https:\/\/www.friaguinee.net\/index.php\/wp-json\/wp\/v2\/comments?post=38732"}],"version-history":[{"count":1,"href":"https:\/\/www.friaguinee.net\/index.php\/wp-json\/wp\/v2\/posts\/38732\/revisions"}],"predecessor-version":[{"id":38734,"href":"https:\/\/www.friaguinee.net\/index.php\/wp-json\/wp\/v2\/posts\/38732\/revisions\/38734"}],"wp:featuredmedia":[{"embeddable":true,"href":"https:\/\/www.friaguinee.net\/index.php\/wp-json\/wp\/v2\/media\/38733"}],"wp:attachment":[{"href":"https:\/\/www.friaguinee.net\/index.php\/wp-json\/wp\/v2\/media?parent=38732"}],"wp:term":[{"taxonomy":"category","embeddable":true,"href":"https:\/\/www.friaguinee.net\/index.php\/wp-json\/wp\/v2\/categories?post=38732"},{"taxonomy":"post_tag","embeddable":true,"href":"https:\/\/www.friaguinee.net\/index.php\/wp-json\/wp\/v2\/tags?post=38732"}],"curies":[{"name":"wp","href":"https:\/\/api.w.org\/{rel}","templated":true}]}}