{"id":38678,"date":"2021-09-27T13:40:26","date_gmt":"2021-09-27T13:40:26","guid":{"rendered":"http:\/\/www.friaguinee.net\/?p=38678"},"modified":"2021-09-27T13:40:28","modified_gmt":"2021-09-27T13:40:28","slug":"sekou-koundouno-monsieur-alpha-conde-doit-rester-ici-il-sera-soigne-ici-il-repondra-de-ses-actes","status":"publish","type":"post","link":"https:\/\/www.friaguinee.net\/index.php\/2021\/09\/27\/sekou-koundouno-monsieur-alpha-conde-doit-rester-ici-il-sera-soigne-ici-il-repondra-de-ses-actes\/","title":{"rendered":"S\u00e9kou Koundouno : \u00abMonsieur Alpha Cond\u00e9 doit rester ici, il sera soign\u00e9 ici, il r\u00e9pondra de ses actes\u00bb"},"content":{"rendered":"\n<p>S\u00e9kou Koundouno \u00e9tait l\u2019invit\u00e9 de l\u2019\u00e9mission Mirador de la radio FIM FM de ce lundi 27 septembre 2021. Face aux rumeurs sur l&rsquo;\u00e9tat de sant\u00e9 d&rsquo;Alpha Cond\u00e9, l&rsquo;activiste a soutenu qu&rsquo;il se porte tr\u00e8s bien et doit r\u00e9pondre de ses actes.<\/p>\n\n\n\n<p><em style=\"\"><b>\u00ab\u00a0<\/b><\/em><strong><em>Je pus vous rassurer que Monsieur Alpha Cond\u00e9 se porte tr\u00e8s bien, tr\u00e8s, tr\u00e8s bien dans les conditions les meilleures c\u2019est pourquoi nous saluons l\u2019acte pos\u00e9 par les nouvelles autorit\u00e9s \u00e0 ne pas se pr\u00eater aux rumeurs\u00a0et \u00e0 l\u2019intox qui sont monnaie courante dans notre public. En tout \u00e9tat de cause au niveau du FNDC c\u2019est une fermet\u00e9 absolue, Monsieur Alpha Cond\u00e9 a les mains ensanglant\u00e9es, nous avons pr\u00e8s de 250 de nos camarades qui ont \u00e9t\u00e9 froidement assassin\u00e9s, qui sont du c\u00f4t\u00e9 du cimeti\u00e8re de Conakry, des charniers du c\u00f4t\u00e9 de N\u2019Z\u00e9r\u00e9kor\u00e9, c\u2019est des d\u00e9tournements \u00e0 ciel ouvert, c\u2019est l\u2019exploitation mini\u00e8re tr\u00e8s d\u00e9gradante qui  pollue notre atmosph\u00e8re mais aussi d\u00e9t\u00e9riore les conditions de vie de nos concitoyens.  \u00a0Monsieur Alpha Cond\u00e9 et tous ceux qui l\u2019ont accompagn\u00e9 dans son entreprise, doivent r\u00e9pondre de leurs actes et le FNDC veillera de tous ses moyens afin qu&rsquo;il n\u2019\u00e9chappe pas \u00e0 la rigueur de la loi\u00a0\u00bb\u00a0<\/em><\/strong>d\u00e9clare-t-il..<\/p>\n\n\n\n<p>Parlant d&rsquo;une \u00e9ventuelle possibilit\u00e9 d&rsquo;accorder une chance \u00e0 Alpha Cond\u00e9 d&rsquo;aller hors du pays pour se faire soigner, l&rsquo;activiste est cat\u00e9gorique.<\/p>\n\n\n\n<p><strong><em>\u00ab\u00a0En tout \u00e9tat de cause monsieur Alpha Cond\u00e9 a eu 11 ans pour nous donner des infrastructures hospitali\u00e8res dignes de nom pour nous mettre en place un coll\u00e8ge m\u00e9dical et toutes les structures de sant\u00e9 qui r\u00e9pondent aux normes, s\u2019il a \u00e9t\u00e9 incapable avec sa bande pendant 11 ans de nous procurer ces qualit\u00e9s en termes hospitali\u00e8res, en termes de formation de nos m\u00e9decins, il doit rester sur soins(\u2026.) en tout \u00e9tat de cause son \u00e2ge importe peu le plus important pour nous il a commis des actes qui sont en contradiction avec les normes, avec les valeurs, il doit rester ici, il sera soign\u00e9 ici, il r\u00e9pondra de ses actes afin que lui et tous ceux qui l\u2019ont accompagn\u00e9 dans son entreprise, servent d\u2019exemples\u00a0 pour la prosp\u00e9rit\u00e9\u00a0\u00bb<\/em>\u00a0<\/strong>mart\u00e8le S\u00e9kou Koundouno.<\/p>\n\n\n\n<p><strong><br>Au lendemain de la chute du r\u00e9gime d\u2019Alpha Cond\u00e9, le Front national pour la d\u00e9fense de la Constitution (FNDC), s\u2019active pour traduire l\u2019ancien Pr\u00e9sident devant la Cour p\u00e9nale internationale. C\u2019est une information donn\u00e9e par le responsable \u00e0 la strat\u00e9gie du front. A en croire S\u00e9kou Koundouno, le procureur de cette juridiction, a d\u00e9j\u00e0 \u00e9t\u00e9 saisi et le front accuse l\u2019ancien chef d\u2019Etat guin\u00e9en de&nbsp;<\/strong><strong>\u00ab&nbsp;<\/strong><strong>crime contre l\u2019humanit\u00e9&nbsp;<\/strong><strong>\u00bb.<\/strong><\/p>\n\n\n\n<p>Intervenant ce lundi, chez nos confr\u00e8res de Fim FM, le responsable charg\u00e9 de la strat\u00e9gie du FNDC, s\u2019est prononc\u00e9 sur le cas Alpha Cond\u00e9. Assurant que le Pr\u00e9sident d\u00e9chu&nbsp;<em>\u00ab&nbsp;<\/em><em>a les mains ensanglant\u00e9es&nbsp;<\/em><em>\u00bb<\/em><em>,<\/em>&nbsp;S\u00e9kou Koundouno affirme que&nbsp;<em>\u00ab&nbsp;<\/em><em>Monsieur Alpha Cond\u00e9 et tout ce qui l\u2019on accompagn\u00e9 dans son entreprise doivent r\u00e9pondre de leurs actes&nbsp;<\/em><em>\u00bb.<\/em><\/p>\n\n\n\n<p>S\u00e9kou Koundouno a aussi r\u00e9v\u00e9l\u00e9 que le FNDC a d\u00e9j\u00e0 saisi la Cour p\u00e9nale internationale, pour des faits de crime contre l\u2019humanit\u00e9.<\/p>\n\n\n\n<p><strong>Mohamed pour friaguinee.net<\/strong><\/p>\n","protected":false},"excerpt":{"rendered":"<p>S\u00e9kou Koundouno \u00e9tait l\u2019invit\u00e9 de l\u2019\u00e9mission Mirador de la radio FIM FM de ce lundi 27 septembre 2021. Face aux rumeurs sur l&rsquo;\u00e9tat de sant\u00e9 d&rsquo;Alpha Cond\u00e9, l&rsquo;activiste a soutenu qu&rsquo;il se porte tr\u00e8s bien et doit r\u00e9pondre de ses actes. \u00ab\u00a0Je pus vous rassurer que Monsieur Alpha Cond\u00e9 se porte tr\u00e8s bien, tr\u00e8s, tr\u00e8s [&hellip;]<\/p>\n","protected":false},"author":3,"featured_media":38684,"comment_status":"open","ping_status":"open","sticky":false,"template":"","format":"standard","meta":{"footnotes":""},"categories":[2],"tags":[293,7997,1242,148,2208],"class_list":["post-38678","post","type-post","status-publish","format-standard","has-post-thumbnail","hentry","category-actualites","tag-alpha-conde","tag-cnrd","tag-fndc","tag-guinee","tag-sekou-koundouno"],"_links":{"self":[{"href":"https:\/\/www.friaguinee.net\/index.php\/wp-json\/wp\/v2\/posts\/38678","targetHints":{"allow":["GET"]}}],"collection":[{"href":"https:\/\/www.friaguinee.net\/index.php\/wp-json\/wp\/v2\/posts"}],"about":[{"href":"https:\/\/www.friaguinee.net\/index.php\/wp-json\/wp\/v2\/types\/post"}],"author":[{"embeddable":true,"href":"https:\/\/www.friaguinee.net\/index.php\/wp-json\/wp\/v2\/users\/3"}],"replies":[{"embeddable":true,"href":"https:\/\/www.friaguinee.net\/index.php\/wp-json\/wp\/v2\/comments?post=38678"}],"version-history":[{"count":2,"href":"https:\/\/www.friaguinee.net\/index.php\/wp-json\/wp\/v2\/posts\/38678\/revisions"}],"predecessor-version":[{"id":38685,"href":"https:\/\/www.friaguinee.net\/index.php\/wp-json\/wp\/v2\/posts\/38678\/revisions\/38685"}],"wp:featuredmedia":[{"embeddable":true,"href":"https:\/\/www.friaguinee.net\/index.php\/wp-json\/wp\/v2\/media\/38684"}],"wp:attachment":[{"href":"https:\/\/www.friaguinee.net\/index.php\/wp-json\/wp\/v2\/media?parent=38678"}],"wp:term":[{"taxonomy":"category","embeddable":true,"href":"https:\/\/www.friaguinee.net\/index.php\/wp-json\/wp\/v2\/categories?post=38678"},{"taxonomy":"post_tag","embeddable":true,"href":"https:\/\/www.friaguinee.net\/index.php\/wp-json\/wp\/v2\/tags?post=38678"}],"curies":[{"name":"wp","href":"https:\/\/api.w.org\/{rel}","templated":true}]}}