{"id":38426,"date":"2021-09-17T08:12:28","date_gmt":"2021-09-17T08:12:28","guid":{"rendered":"http:\/\/www.friaguinee.net\/?p=38426"},"modified":"2021-09-17T08:13:50","modified_gmt":"2021-09-17T08:13:50","slug":"guinee-une-delegation-des-chefs-detat-de-la-cedeao-attendue-ce-vendredi","status":"publish","type":"post","link":"https:\/\/www.friaguinee.net\/index.php\/2021\/09\/17\/guinee-une-delegation-des-chefs-detat-de-la-cedeao-attendue-ce-vendredi\/","title":{"rendered":"Guin\u00e9e :  une d\u00e9l\u00e9gation des chefs d\u2019Etat de la CEDEAO attendue ce vendredi"},"content":{"rendered":"\n<p> Dans le cadre des liens d\u2019amiti\u00e9 et de fraternit\u00e9 existants entre la R\u00e9publique Guin\u00e9e et les pays fr\u00e8res de la Communaut\u00e9 \u00c9conomique des \u00c9tats de l\u2019Afrique de l\u2019Ouest (CEDEAO), une d\u00e9l\u00e9gation des chefs d\u2019Etat de la sous r\u00e9gion effectuera ce vendredi 17 septembre 2021 une visite de travail et d\u2019amiti\u00e9 \u00e0 Conakry. <\/p>\n\n\n\n<p>Sont convi\u00e9s \u00e0 pendre part \u00e0 la c\u00e9r\u00e9monie d\u2019accueil \u00e0 l\u2019a\u00e9roport international Conakry Gbessia, le chef d\u2019\u00e9tat-major g\u00e9n\u00e9ral des arm\u00e9es, le Haut commandant de la gendarmerie nationale et directeur de la justice militaire, les chefs des \u00e9tats-majors des arm\u00e9es de terre, de l\u2019air et de la marine et les directeurs g\u00e9n\u00e9raux de la police et de la douane., les chefs diplomatiques accr\u00e9dit\u00e9s en Guin\u00e9e et Madame la Gouverneure de la ville de Conakry. <\/p>\n\n\n\n<p><strong>Le CNRD<\/strong><\/p>\n","protected":false},"excerpt":{"rendered":"<p>Dans le cadre des liens d\u2019amiti\u00e9 et de fraternit\u00e9 existants entre la R\u00e9publique Guin\u00e9e et les pays fr\u00e8res de la Communaut\u00e9 \u00c9conomique des \u00c9tats de l\u2019Afrique de l\u2019Ouest (CEDEAO), une d\u00e9l\u00e9gation des chefs d\u2019Etat de la sous r\u00e9gion effectuera ce vendredi 17 septembre 2021 une visite de travail et d\u2019amiti\u00e9 \u00e0 Conakry. Sont convi\u00e9s \u00e0 [&hellip;]<\/p>\n","protected":false},"author":2,"featured_media":38429,"comment_status":"open","ping_status":"open","sticky":false,"template":"","format":"standard","meta":{"footnotes":""},"categories":[2],"tags":[1947,2053,148],"class_list":["post-38426","post","type-post","status-publish","format-standard","has-post-thumbnail","hentry","category-actualites","tag-cedeao","tag-delegation","tag-guinee"],"_links":{"self":[{"href":"https:\/\/www.friaguinee.net\/index.php\/wp-json\/wp\/v2\/posts\/38426","targetHints":{"allow":["GET"]}}],"collection":[{"href":"https:\/\/www.friaguinee.net\/index.php\/wp-json\/wp\/v2\/posts"}],"about":[{"href":"https:\/\/www.friaguinee.net\/index.php\/wp-json\/wp\/v2\/types\/post"}],"author":[{"embeddable":true,"href":"https:\/\/www.friaguinee.net\/index.php\/wp-json\/wp\/v2\/users\/2"}],"replies":[{"embeddable":true,"href":"https:\/\/www.friaguinee.net\/index.php\/wp-json\/wp\/v2\/comments?post=38426"}],"version-history":[{"count":2,"href":"https:\/\/www.friaguinee.net\/index.php\/wp-json\/wp\/v2\/posts\/38426\/revisions"}],"predecessor-version":[{"id":38431,"href":"https:\/\/www.friaguinee.net\/index.php\/wp-json\/wp\/v2\/posts\/38426\/revisions\/38431"}],"wp:featuredmedia":[{"embeddable":true,"href":"https:\/\/www.friaguinee.net\/index.php\/wp-json\/wp\/v2\/media\/38429"}],"wp:attachment":[{"href":"https:\/\/www.friaguinee.net\/index.php\/wp-json\/wp\/v2\/media?parent=38426"}],"wp:term":[{"taxonomy":"category","embeddable":true,"href":"https:\/\/www.friaguinee.net\/index.php\/wp-json\/wp\/v2\/categories?post=38426"},{"taxonomy":"post_tag","embeddable":true,"href":"https:\/\/www.friaguinee.net\/index.php\/wp-json\/wp\/v2\/tags?post=38426"}],"curies":[{"name":"wp","href":"https:\/\/api.w.org\/{rel}","templated":true}]}}