{"id":37914,"date":"2021-08-31T15:18:17","date_gmt":"2021-08-31T15:18:17","guid":{"rendered":"http:\/\/www.friaguinee.net\/?p=37914"},"modified":"2021-08-31T15:18:18","modified_gmt":"2021-08-31T15:18:18","slug":"guinee-fin-de-ia-periode-de-fermeture-des-pecheries-demersales-industrielle-et-artisanale","status":"publish","type":"post","link":"https:\/\/www.friaguinee.net\/index.php\/2021\/08\/31\/guinee-fin-de-ia-periode-de-fermeture-des-pecheries-demersales-industrielle-et-artisanale\/","title":{"rendered":"Guin\u00e9e : fin de Ia p\u00e9riode de fermeture des p\u00eacheries d\u00e9mersales industrielle et artisanale"},"content":{"rendered":"\n<p>En application des dispositions de l\u2019arr\u00eat\u00e9 A\/2020\/3538\/MPAEM\/CAB du 31 d\u00e9cembre 2020 portant approbation du Plan d\u2019Am\u00e9nagement et de Gestion des P\u00eacheries pour l\u2019ann\u00e9e 2021, j\u2019ai le plaisir de porter \u00e0 la connaissance des op\u00e9rateurs du secteur de la fin de Ia p\u00e9riode de fermeture des p\u00eacheries d\u00e9mersales industrielle et artisanale avanc\u00e9e qui courrait du 1er juillet au 31 ao\u00fbt 2021.<\/p>\n\n\n\n<p>La r\u00e9ouverture des zones en question prend effet le 1er septembre 2021, pour les navires d\u00e9tenteurs de licence ou de permis de p\u00eache en cours de validit\u00e9. Je tiens \u00e0 rappeler, en application des instructions de Son Excellence Professeur Alpha CONDE, Pr\u00e9sident de la R\u00e9publique, Chef de l\u2019\u00c9tat, relatives \u00e0 la limitation de la propagation du COVID 19, et conform\u00e9ment \u00e0 mon pr\u00e9c\u00e9dent communiqu\u00e9, que le renouvellement de la licence ou du permis de p\u00eache est subordonn\u00e9 \u00e0 la pr\u00e9sentation, par le requ\u00e9rant, d\u2019un certificat vaccinal complet ou d\u2019un test PCR n\u00e9gatif de moins de 72 heures \u00e9tabli par l\u2019Agence National de S\u00e9curit\u00e9 Sanitaire (ANSS).<\/p>\n\n\n\n<p>Dans le m\u00eame cadre, j\u2019exhorte les op\u00e9rateurs et les travailleurs du secteur \u00e0 respecter les mesures barri\u00e8res \u00e9tablies par les autorit\u00e9s sanitaires pour \u00e9radiquer le COVID 19.<\/p>\n\n\n\n<p>J\u2019ose esp\u00e9rer que la mesure de fermeture des p\u00eacheries va favoriser la reconstitution des stocks halieutiques dont l\u2019exploitation responsable permettra, aux populations pr\u00e9sentes et futures de notre pays, d\u2019en tirer le meilleur profit.<\/p>\n\n\n\n<p>En plus, j\u2019invite les op\u00e9rateurs du secteur \u00e0 respecter la r\u00e8glementation qui r\u00e9git l\u2019exploitation des ressources halieutiques en vigueur dans notre pays. C\u2019est pour moi l\u2019occasion de remercier Son Excellence Professeur Alpha<br>CONDE, Pr\u00e9sident de la R\u00e9publique, Chef de l\u2019\u00c9tat et son Premier Ministre Chef du Gouvernement pour les efforts qu\u2019ils ne cessent de consentir pour le d\u00e9veloppement du secteur de la p\u00eache, de l\u2019aquaculture et de l\u2019\u00e9conomie maritime.<\/p>\n\n\n\n<p>Je voudrais aussi remercier les op\u00e9rateurs du secteur, la Pr\u00e9fecture Maritime, l\u2019Arm\u00e9e de Mer et la Gendarmerie Maritime pour leur pr\u00e9cieuse collaboration. Mes remerciements vont \u00e9galement \u00e0 la presse publique et priv\u00e9e pour sa participation aux efforts d\u2019information et de sensibilisation des op\u00e9rateurs du secteur de la p\u00eache et de la population.<\/p>\n\n\n\n<p>Conakry, le 31 ao\u00fbt 2021<\/p>\n\n\n\n<p><strong>Monsieur Fr\u00e9deric LOUA<\/strong><\/p>\n\n\n\n<p><strong>Ministre de la P\u00eache, de l\u2019Aquaculture et de l\u2019\u00c9conomie Maritime<\/strong><\/p>\n","protected":false},"excerpt":{"rendered":"<p>En application des dispositions de l\u2019arr\u00eat\u00e9 A\/2020\/3538\/MPAEM\/CAB du 31 d\u00e9cembre 2020 portant approbation du Plan d\u2019Am\u00e9nagement et de Gestion des P\u00eacheries pour l\u2019ann\u00e9e 2021, j\u2019ai le plaisir de porter \u00e0 la connaissance des op\u00e9rateurs du secteur de la fin de Ia p\u00e9riode de fermeture des p\u00eacheries d\u00e9mersales industrielle et artisanale avanc\u00e9e qui courrait du 1er [&hellip;]<\/p>\n","protected":false},"author":2,"featured_media":37915,"comment_status":"open","ping_status":"open","sticky":false,"template":"","format":"standard","meta":{"footnotes":""},"categories":[4908],"tags":[523,4114,148,4907,4285],"class_list":["post-37914","post","type-post","status-publish","format-standard","has-post-thumbnail","hentry","category-peche","tag-fin","tag-frederic-loua","tag-guinee","tag-ministre-de-la-peche","tag-repos-biologique"],"_links":{"self":[{"href":"https:\/\/www.friaguinee.net\/index.php\/wp-json\/wp\/v2\/posts\/37914","targetHints":{"allow":["GET"]}}],"collection":[{"href":"https:\/\/www.friaguinee.net\/index.php\/wp-json\/wp\/v2\/posts"}],"about":[{"href":"https:\/\/www.friaguinee.net\/index.php\/wp-json\/wp\/v2\/types\/post"}],"author":[{"embeddable":true,"href":"https:\/\/www.friaguinee.net\/index.php\/wp-json\/wp\/v2\/users\/2"}],"replies":[{"embeddable":true,"href":"https:\/\/www.friaguinee.net\/index.php\/wp-json\/wp\/v2\/comments?post=37914"}],"version-history":[{"count":1,"href":"https:\/\/www.friaguinee.net\/index.php\/wp-json\/wp\/v2\/posts\/37914\/revisions"}],"predecessor-version":[{"id":37916,"href":"https:\/\/www.friaguinee.net\/index.php\/wp-json\/wp\/v2\/posts\/37914\/revisions\/37916"}],"wp:featuredmedia":[{"embeddable":true,"href":"https:\/\/www.friaguinee.net\/index.php\/wp-json\/wp\/v2\/media\/37915"}],"wp:attachment":[{"href":"https:\/\/www.friaguinee.net\/index.php\/wp-json\/wp\/v2\/media?parent=37914"}],"wp:term":[{"taxonomy":"category","embeddable":true,"href":"https:\/\/www.friaguinee.net\/index.php\/wp-json\/wp\/v2\/categories?post=37914"},{"taxonomy":"post_tag","embeddable":true,"href":"https:\/\/www.friaguinee.net\/index.php\/wp-json\/wp\/v2\/tags?post=37914"}],"curies":[{"name":"wp","href":"https:\/\/api.w.org\/{rel}","templated":true}]}}