{"id":37660,"date":"2021-08-24T07:30:27","date_gmt":"2021-08-24T07:30:27","guid":{"rendered":"http:\/\/www.friaguinee.net\/?p=37660"},"modified":"2021-08-24T07:30:28","modified_gmt":"2021-08-24T07:30:28","slug":"designation-des-representants-de-lopposition-au-sein-du-cadre-permanent-du-dialogue-le-premier-ministre-ecrit-au-chef-de-file-de-lopposition","status":"publish","type":"post","link":"https:\/\/www.friaguinee.net\/index.php\/2021\/08\/24\/designation-des-representants-de-lopposition-au-sein-du-cadre-permanent-du-dialogue-le-premier-ministre-ecrit-au-chef-de-file-de-lopposition\/","title":{"rendered":"D\u00e9signation des repr\u00e9sentants de l&rsquo;opposition au sein du cadre permanent du dialogue : Le Premier ministre \u00e9crit au chef de file de l\u2019opposition"},"content":{"rendered":"\n<p>Le Premier ministre chef de gouvernement a adress\u00e9 une lettre r\u00e9ponse au Chef de file de l&rsquo;opposition par rapport \u00e0 la d\u00e9signation des repr\u00e9sentants de l&rsquo;opposition au sein du cadre permanent du dialogue politique et social.<\/p>\n\n\n\n<p>En r\u00e9pondant \u00e0 Mamadou Sylla qui avait soulign\u00e9 certaines pr\u00e9occupations,  Dr Ibrahima Kassory Fofana dit avoir pris notes.<\/p>\n\n\n\n<p>Ci-dessous ladite lettre <\/p>\n\n\n\n<figure class=\"wp-block-image\"><img loading=\"lazy\" decoding=\"async\" width=\"750\" height=\"1000\" src=\"http:\/\/www.friaguinee.net\/wp-content\/uploads\/2021\/08\/cfo-lettre.jpg\" alt=\"\" class=\"wp-image-37661\" srcset=\"https:\/\/www.friaguinee.net\/wp-content\/uploads\/2021\/08\/cfo-lettre.jpg 750w, https:\/\/www.friaguinee.net\/wp-content\/uploads\/2021\/08\/cfo-lettre-225x300.jpg 225w, https:\/\/www.friaguinee.net\/wp-content\/uploads\/2021\/08\/cfo-lettre-696x928.jpg 696w, https:\/\/www.friaguinee.net\/wp-content\/uploads\/2021\/08\/cfo-lettre-315x420.jpg 315w\" sizes=\"auto, (max-width: 750px) 100vw, 750px\" \/><\/figure>\n","protected":false},"excerpt":{"rendered":"<p>Le Premier ministre chef de gouvernement a adress\u00e9 une lettre r\u00e9ponse au Chef de file de l&rsquo;opposition par rapport \u00e0 la d\u00e9signation des repr\u00e9sentants de l&rsquo;opposition au sein du cadre permanent du dialogue politique et social. En r\u00e9pondant \u00e0 Mamadou Sylla qui avait soulign\u00e9 certaines pr\u00e9occupations, Dr Ibrahima Kassory Fofana dit avoir pris notes. Ci-dessous [&hellip;]<\/p>\n","protected":false},"author":2,"featured_media":35489,"comment_status":"open","ping_status":"open","sticky":false,"template":"","format":"standard","meta":{"footnotes":""},"categories":[163],"tags":[7779,50,148,7923,152,3114],"class_list":["post-37660","post","type-post","status-publish","format-standard","has-post-thumbnail","hentry","category-politique","tag-cadre-permanent-du-dialogue","tag-conakry","tag-guinee","tag-kassory-fofanapremier-ministre","tag-lettre","tag-mamadou-sylla"],"_links":{"self":[{"href":"https:\/\/www.friaguinee.net\/index.php\/wp-json\/wp\/v2\/posts\/37660","targetHints":{"allow":["GET"]}}],"collection":[{"href":"https:\/\/www.friaguinee.net\/index.php\/wp-json\/wp\/v2\/posts"}],"about":[{"href":"https:\/\/www.friaguinee.net\/index.php\/wp-json\/wp\/v2\/types\/post"}],"author":[{"embeddable":true,"href":"https:\/\/www.friaguinee.net\/index.php\/wp-json\/wp\/v2\/users\/2"}],"replies":[{"embeddable":true,"href":"https:\/\/www.friaguinee.net\/index.php\/wp-json\/wp\/v2\/comments?post=37660"}],"version-history":[{"count":1,"href":"https:\/\/www.friaguinee.net\/index.php\/wp-json\/wp\/v2\/posts\/37660\/revisions"}],"predecessor-version":[{"id":37662,"href":"https:\/\/www.friaguinee.net\/index.php\/wp-json\/wp\/v2\/posts\/37660\/revisions\/37662"}],"wp:featuredmedia":[{"embeddable":true,"href":"https:\/\/www.friaguinee.net\/index.php\/wp-json\/wp\/v2\/media\/35489"}],"wp:attachment":[{"href":"https:\/\/www.friaguinee.net\/index.php\/wp-json\/wp\/v2\/media?parent=37660"}],"wp:term":[{"taxonomy":"category","embeddable":true,"href":"https:\/\/www.friaguinee.net\/index.php\/wp-json\/wp\/v2\/categories?post=37660"},{"taxonomy":"post_tag","embeddable":true,"href":"https:\/\/www.friaguinee.net\/index.php\/wp-json\/wp\/v2\/tags?post=37660"}],"curies":[{"name":"wp","href":"https:\/\/api.w.org\/{rel}","templated":true}]}}