{"id":37579,"date":"2021-08-20T17:33:43","date_gmt":"2021-08-20T17:33:43","guid":{"rendered":"http:\/\/www.friaguinee.net\/?p=37579"},"modified":"2021-08-20T17:33:44","modified_gmt":"2021-08-20T17:33:44","slug":"guinee-collecte-de-donnees-des-organes-de-presse-le-ministre-apporte-des-precisions","status":"publish","type":"post","link":"https:\/\/www.friaguinee.net\/index.php\/2021\/08\/20\/guinee-collecte-de-donnees-des-organes-de-presse-le-ministre-apporte-des-precisions\/","title":{"rendered":"Guin\u00e9e\/Collecte de donn\u00e9es des organes de presse : le ministre apporte des pr\u00e9cisions"},"content":{"rendered":"\n<p><strong>La note circulaire du MIC interpellant les organes de presse \u00e0 fournir des informations fiables sur leur m\u00e9dium suscite plusieurs interrogations au sein de la corporation. Pour faire taire les sp\u00e9culations autour de cette note, le Ministre Amara Sompar\u00e9 est sorti de son silence, apportant des pr\u00e9cisions \u00e0 la circulaire No 0302MIC\/CAB\/2021, en date du 17 aout 2021. Le chef du d\u00e9partement en charge de l\u2019Information et de la Communication a profit\u00e9 d\u2019une sortie m\u00e9diatique pour interpeller les patrons de m\u00e9dias en ligne, puisqu\u2019il s\u2019agit d\u2019eux, qui ont mal interpr\u00e9t\u00e9 le fondement de cette invite<\/strong>.&nbsp;<\/p>\n\n\n\n<p>La Guin\u00e9e comme tout autre pays normal dans son fonctionnement habituel et dans la r\u00e9actualisation des donn\u00e9es statistiques, renouvelle \u00e0 chaque ann\u00e9e l\u2019annuaire statistique. C\u2019est dans ce contexte que les d\u00e9partements minist\u00e9riels ont \u00e9t\u00e9 invit\u00e9s par le Minist\u00e8re du Plan et du D\u00e9veloppement \u00c9conomique \u00e0 travers l\u2019Institut National de la Statistique \u00e0 accomplir les d\u00e9marches n\u00e9cessaires afin de renouveler cet annuaire pour le compte de l\u2019ann\u00e9e 2020 a indiqu\u00e9 le Ministre Amara Sompar\u00e9.&nbsp;<\/p>\n\n\n\n<p>&lt;&lt; L\u2019institut national de la statistique a \u00e9crit \u00e0 l\u2019ensemble des d\u00e9partements minist\u00e9riels afin de collecter les donn\u00e9es actualis\u00e9es de l\u2019ann\u00e9e 2020 pour le secteur qui les concerne. Donc le d\u00e9partement de l\u2019information et de la communication qui est en charge des m\u00e9dias s\u2019est bien entendu adress\u00e9 \u00e0 l\u2019ensemble des organes de presse (Audio-visuel, presse \u00e9crite et presse en ligne) afin de collecter un certain nombre d\u2019informations pour venir enrichir les statistiques de l\u2019INS&gt;&gt; a par ailleurs pr\u00e9cis\u00e9 Amara Sompar\u00e9.<\/p>\n\n\n\n<div class=\"wp-block-image\"><figure class=\"aligncenter\"><img decoding=\"async\" src=\"http:\/\/infocommunication.gov.gn\/wp-content\/uploads\/2021\/08\/546149FC-25B9-48A6-A68F-A022B13343D4-214x300.jpeg\" alt=\"\" class=\"wp-image-1163\"\/><figcaption>Une copie de la lettre adress\u00e9e aux associations de presse<\/figcaption><\/figure><\/div>\n\n\n\n<p>Depuis la diffusion de cette note circulaire, chacun y va de son commentaire, bien inform\u00e9 ou pas, d\u2019autres d\u2019ailleurs estimant que le Gouvernement \u00e0 travers le Minist\u00e8re de l\u2019Information et de la Communication tente de fermer certains m\u00e9dias guin\u00e9ens, chose que r\u00e9fute le Ministre de tutelle.&nbsp;<\/p>\n\n\n\n<p>&lt;&lt;Cette d\u00e9marche a une vis\u00e9e purement de collecte des donn\u00e9es, pour enrichir l\u2019annuaire statistique de l\u2019ann\u00e9e 2020, pour l\u2019instant c\u2019est \u00e7a la d\u00e9marche. Maintenant le MIC est aussi responsable du contr\u00f4le administratif des organes de presse, nous invitons tous les m\u00e9dias qui sont en ligne et autres \u00e0 rester en conformit\u00e9 avec la r\u00e9glementation. Le Pr\u00e9sident l\u2019a tr\u00e8s souvent rappel\u00e9 Gouverner Autrement \u00e7a s\u2019applique \u00e0 tout le monde, il faut que les gens respectent la r\u00e9glementation faute de quoi ils se verront confront\u00e9s \u00e0 la rigueur de la loi&gt;&gt;.<\/p>\n\n\n\n<p>Dans les prochains jours, le cabinet du Ministre va recevoir certains patrons de m\u00e9dias afin de les \u00e9couter et r\u00e9pondre \u00e0 toutes leurs inqui\u00e9tudes.<\/p>\n\n\n\n<p>MIC<\/p>\n","protected":false},"excerpt":{"rendered":"<p>La note circulaire du MIC interpellant les organes de presse \u00e0 fournir des informations fiables sur leur m\u00e9dium suscite plusieurs interrogations au sein de la corporation. Pour faire taire les sp\u00e9culations autour de cette note, le Ministre Amara Sompar\u00e9 est sorti de son silence, apportant des pr\u00e9cisions \u00e0 la circulaire No 0302MIC\/CAB\/2021, en date du [&hellip;]<\/p>\n","protected":false},"author":2,"featured_media":37580,"comment_status":"open","ping_status":"open","sticky":false,"template":"","format":"standard","meta":{"footnotes":""},"categories":[2],"tags":[1849,7894,50,148,7895],"class_list":["post-37579","post","type-post","status-publish","format-standard","has-post-thumbnail","hentry","category-actualites","tag-amara-sompare","tag-collecte-des-donnees","tag-conakry","tag-guinee","tag-organes-de-presse"],"_links":{"self":[{"href":"https:\/\/www.friaguinee.net\/index.php\/wp-json\/wp\/v2\/posts\/37579","targetHints":{"allow":["GET"]}}],"collection":[{"href":"https:\/\/www.friaguinee.net\/index.php\/wp-json\/wp\/v2\/posts"}],"about":[{"href":"https:\/\/www.friaguinee.net\/index.php\/wp-json\/wp\/v2\/types\/post"}],"author":[{"embeddable":true,"href":"https:\/\/www.friaguinee.net\/index.php\/wp-json\/wp\/v2\/users\/2"}],"replies":[{"embeddable":true,"href":"https:\/\/www.friaguinee.net\/index.php\/wp-json\/wp\/v2\/comments?post=37579"}],"version-history":[{"count":1,"href":"https:\/\/www.friaguinee.net\/index.php\/wp-json\/wp\/v2\/posts\/37579\/revisions"}],"predecessor-version":[{"id":37581,"href":"https:\/\/www.friaguinee.net\/index.php\/wp-json\/wp\/v2\/posts\/37579\/revisions\/37581"}],"wp:featuredmedia":[{"embeddable":true,"href":"https:\/\/www.friaguinee.net\/index.php\/wp-json\/wp\/v2\/media\/37580"}],"wp:attachment":[{"href":"https:\/\/www.friaguinee.net\/index.php\/wp-json\/wp\/v2\/media?parent=37579"}],"wp:term":[{"taxonomy":"category","embeddable":true,"href":"https:\/\/www.friaguinee.net\/index.php\/wp-json\/wp\/v2\/categories?post=37579"},{"taxonomy":"post_tag","embeddable":true,"href":"https:\/\/www.friaguinee.net\/index.php\/wp-json\/wp\/v2\/tags?post=37579"}],"curies":[{"name":"wp","href":"https:\/\/api.w.org\/{rel}","templated":true}]}}