{"id":37354,"date":"2021-08-16T08:08:41","date_gmt":"2021-08-16T08:08:41","guid":{"rendered":"http:\/\/www.friaguinee.net\/?p=37354"},"modified":"2021-08-16T08:08:42","modified_gmt":"2021-08-16T08:08:42","slug":"agression-des-journalistes-de-la-radio-global-fm-le-conseil-communal-de-la-c-u-de-mamou-presente-ses-excuses-a-la-presse-guineenne","status":"publish","type":"post","link":"https:\/\/www.friaguinee.net\/index.php\/2021\/08\/16\/agression-des-journalistes-de-la-radio-global-fm-le-conseil-communal-de-la-c-u-de-mamou-presente-ses-excuses-a-la-presse-guineenne\/","title":{"rendered":"Agression des journalistes de la radio Global Fm : le conseil communal de la C.U de Mamou pr\u00e9sente ses excuses \u00e0 la presse guin\u00e9enne"},"content":{"rendered":"\n<p>Le conseil communal de la commune urbaine de Mamou a \u00e9t\u00e9 surpris et profond\u00e9ment touch\u00e9 par l\u2019acte commis par son coll\u00e8gue Alpha Saliou Barry pr\u00e9sident du cadre de vie et assainissement au sein de la radio global Fm le jeudi 12 ao\u00fbt 2021 \u00e0 11H.<\/p>\n\n\n\n<p>Ci-dessous la lettre y aff\u00e9rente <\/p>\n\n\n\n<figure class=\"wp-block-image\"><img loading=\"lazy\" decoding=\"async\" width=\"768\" height=\"1024\" src=\"http:\/\/www.friaguinee.net\/wp-content\/uploads\/2021\/08\/6ED6C448-7C99-4D03-99C5-AFC5458DB168-768x1024.jpeg\" alt=\"\" class=\"wp-image-37355\" srcset=\"https:\/\/www.friaguinee.net\/wp-content\/uploads\/2021\/08\/6ED6C448-7C99-4D03-99C5-AFC5458DB168-768x1024.jpeg 768w, https:\/\/www.friaguinee.net\/wp-content\/uploads\/2021\/08\/6ED6C448-7C99-4D03-99C5-AFC5458DB168-225x300.jpeg 225w, https:\/\/www.friaguinee.net\/wp-content\/uploads\/2021\/08\/6ED6C448-7C99-4D03-99C5-AFC5458DB168-696x928.jpeg 696w, https:\/\/www.friaguinee.net\/wp-content\/uploads\/2021\/08\/6ED6C448-7C99-4D03-99C5-AFC5458DB168-315x420.jpeg 315w, https:\/\/www.friaguinee.net\/wp-content\/uploads\/2021\/08\/6ED6C448-7C99-4D03-99C5-AFC5458DB168.jpeg 780w\" sizes=\"auto, (max-width: 768px) 100vw, 768px\" \/><\/figure>\n","protected":false},"excerpt":{"rendered":"<p>Le conseil communal de la commune urbaine de Mamou a \u00e9t\u00e9 surpris et profond\u00e9ment touch\u00e9 par l\u2019acte commis par son coll\u00e8gue Alpha Saliou Barry pr\u00e9sident du cadre de vie et assainissement au sein de la radio global Fm le jeudi 12 ao\u00fbt 2021 \u00e0 11H. Ci-dessous la lettre y aff\u00e9rente<\/p>\n","protected":false},"author":2,"featured_media":37279,"comment_status":"open","ping_status":"open","sticky":false,"template":"","format":"standard","meta":{"footnotes":""},"categories":[3990],"tags":[4317,4003,148,387,7847],"class_list":["post-37354","post","type-post","status-publish","format-standard","has-post-thumbnail","hentry","category-medias","tag-conseil-communal","tag-excuses","tag-guinee","tag-mamou","tag-radio-global-fm"],"_links":{"self":[{"href":"https:\/\/www.friaguinee.net\/index.php\/wp-json\/wp\/v2\/posts\/37354","targetHints":{"allow":["GET"]}}],"collection":[{"href":"https:\/\/www.friaguinee.net\/index.php\/wp-json\/wp\/v2\/posts"}],"about":[{"href":"https:\/\/www.friaguinee.net\/index.php\/wp-json\/wp\/v2\/types\/post"}],"author":[{"embeddable":true,"href":"https:\/\/www.friaguinee.net\/index.php\/wp-json\/wp\/v2\/users\/2"}],"replies":[{"embeddable":true,"href":"https:\/\/www.friaguinee.net\/index.php\/wp-json\/wp\/v2\/comments?post=37354"}],"version-history":[{"count":1,"href":"https:\/\/www.friaguinee.net\/index.php\/wp-json\/wp\/v2\/posts\/37354\/revisions"}],"predecessor-version":[{"id":37356,"href":"https:\/\/www.friaguinee.net\/index.php\/wp-json\/wp\/v2\/posts\/37354\/revisions\/37356"}],"wp:featuredmedia":[{"embeddable":true,"href":"https:\/\/www.friaguinee.net\/index.php\/wp-json\/wp\/v2\/media\/37279"}],"wp:attachment":[{"href":"https:\/\/www.friaguinee.net\/index.php\/wp-json\/wp\/v2\/media?parent=37354"}],"wp:term":[{"taxonomy":"category","embeddable":true,"href":"https:\/\/www.friaguinee.net\/index.php\/wp-json\/wp\/v2\/categories?post=37354"},{"taxonomy":"post_tag","embeddable":true,"href":"https:\/\/www.friaguinee.net\/index.php\/wp-json\/wp\/v2\/tags?post=37354"}],"curies":[{"name":"wp","href":"https:\/\/api.w.org\/{rel}","templated":true}]}}