{"id":37277,"date":"2021-08-13T18:09:43","date_gmt":"2021-08-13T18:09:43","guid":{"rendered":"http:\/\/www.friaguinee.net\/?p=37277"},"modified":"2021-08-13T18:09:44","modified_gmt":"2021-08-13T18:09:44","slug":"agression-de-journalistes-de-la-radio-global-fm-lurtelgui","status":"publish","type":"post","link":"https:\/\/www.friaguinee.net\/index.php\/2021\/08\/13\/agression-de-journalistes-de-la-radio-global-fm-lurtelgui\/","title":{"rendered":"Agression de journalistes de la radio Global FM : l&rsquo;URTELGUI"},"content":{"rendered":"\n<p>Le Bureau ex\u00e9cutif de l\u2019Union des Radiodiffusions et T\u00e9l\u00e9visions Libres de Guin\u00e9e (URTELGUI), a appris avec surprise et indignation, l\u2019agression dont a \u00e9t\u00e9 victime, le jeudi 12 ao\u00fbt 2021, la Radio Global FM \u00e0 Mamou. Une agression perp\u00e9tr\u00e9e par le conseiller communal, Alpha Saliou Barry, qui a d\u2019abord fait irruption dans les locaux de ladite radio, pour ensuite s\u2019introduire brusquement dans le studio de diffusion, suite \u00e0 l\u2019\u00e9vocation de son nom dans une \u00e9mission consacr\u00e9e \u00e0 l\u2019insalubrit\u00e9.<\/p>\n\n\n\n<p>En effet, dans son rapport en date du 12 ao\u00fbt, adress\u00e9 \u00e0 l\u2019URTELGUI, le Chef de bureau de Global FM \u00e0 Mamou, Aboubacar Bangoura, a pr\u00e9cis\u00e9 : \u00ab\u2026Alpha Saliou Barry, comme il s\u2019agit de lui, a subitement d\u00e9barqu\u00e9 dans les locaux de la Radio Global FM, et a r\u00e9ussi par cons\u00e9quent, \u00e0 s\u2019infiltrer dans le studio de diffusion, avant de projeter des injures \u00e0 l\u2019endroit des journalistes chroniqueurs, accompagn\u00e9s de Menaces \u00bb.<\/p>\n\n\n\n<p>Le Bureau ex\u00e9cutif de l\u2019URTELGUI condamne avec la derni\u00e8re \u00e9nergie cette agression, qui rappelle, fort malheureusement, que les journalistes sont encore inqui\u00e9t\u00e9s dans leur travail au quotidien, par des acteurs publics, incapables de s\u2019accommoder des critiques formul\u00e9es par les professionnels de la presse.<\/p>\n\n\n\n<p>L\u2019URTELGUI exprime sa solidarit\u00e9 totale et enti\u00e8re \u00e0 toute l\u2019\u00e9quipe de la radio Global FM \u00e0 Mamou.<\/p>\n\n\n\n<p>L\u2019Union des Radiodiffusions et T\u00e9l\u00e9visions Libres de Guin\u00e9e soutient d\u2019ores et d\u00e9j\u00e0, la poursuite judiciaire d\u00e9j\u00e0 engag\u00e9e \u00e0 l\u2019encontre de<br>l\u2019agresseur, en vue d\u2019une sanction l\u00e9gale, susceptible de dissuader d\u2019autres personnes malintentionn\u00e9es.<\/p>\n\n\n\n<p>L\u2019URTELGUI suit avec int\u00e9r\u00eat et une vigilance soutenue la suite du proc\u00e8s qui est attendu dans les meilleurs d\u00e9lais au Tribunal de premi\u00e8re instance de Mamou.<\/p>\n\n\n\n<p>Le Bureau ex\u00e9cutif de l\u2019Urtelgui attend avec impatience, cette suite, pour d\u00e9terminer la conduite \u00e0 tenir par l\u2019ensemble des m\u00e9dias audiovisuels priv\u00e9s du pays.<\/p>\n\n\n\n<p>Le Bureau Ex\u00e9cutif de l\u2019URTELGUI<\/p>\n","protected":false},"excerpt":{"rendered":"<p>Le Bureau ex\u00e9cutif de l\u2019Union des Radiodiffusions et T\u00e9l\u00e9visions Libres de Guin\u00e9e (URTELGUI), a appris avec surprise et indignation, l\u2019agression dont a \u00e9t\u00e9 victime, le jeudi 12 ao\u00fbt 2021, la Radio Global FM \u00e0 Mamou. Une agression perp\u00e9tr\u00e9e par le conseiller communal, Alpha Saliou Barry, qui a d\u2019abord fait irruption dans les locaux de ladite [&hellip;]<\/p>\n","protected":false},"author":2,"featured_media":37279,"comment_status":"open","ping_status":"open","sticky":false,"template":"","format":"standard","meta":{"footnotes":""},"categories":[3990],"tags":[2953,1374,7833,915,387,3144],"class_list":["post-37277","post","type-post","status-publish","format-standard","has-post-thumbnail","hentry","category-medias","tag-agression","tag-declaration","tag-global-fm","tag-journalistes","tag-mamou","tag-urtelgui"],"_links":{"self":[{"href":"https:\/\/www.friaguinee.net\/index.php\/wp-json\/wp\/v2\/posts\/37277","targetHints":{"allow":["GET"]}}],"collection":[{"href":"https:\/\/www.friaguinee.net\/index.php\/wp-json\/wp\/v2\/posts"}],"about":[{"href":"https:\/\/www.friaguinee.net\/index.php\/wp-json\/wp\/v2\/types\/post"}],"author":[{"embeddable":true,"href":"https:\/\/www.friaguinee.net\/index.php\/wp-json\/wp\/v2\/users\/2"}],"replies":[{"embeddable":true,"href":"https:\/\/www.friaguinee.net\/index.php\/wp-json\/wp\/v2\/comments?post=37277"}],"version-history":[{"count":2,"href":"https:\/\/www.friaguinee.net\/index.php\/wp-json\/wp\/v2\/posts\/37277\/revisions"}],"predecessor-version":[{"id":37280,"href":"https:\/\/www.friaguinee.net\/index.php\/wp-json\/wp\/v2\/posts\/37277\/revisions\/37280"}],"wp:featuredmedia":[{"embeddable":true,"href":"https:\/\/www.friaguinee.net\/index.php\/wp-json\/wp\/v2\/media\/37279"}],"wp:attachment":[{"href":"https:\/\/www.friaguinee.net\/index.php\/wp-json\/wp\/v2\/media?parent=37277"}],"wp:term":[{"taxonomy":"category","embeddable":true,"href":"https:\/\/www.friaguinee.net\/index.php\/wp-json\/wp\/v2\/categories?post=37277"},{"taxonomy":"post_tag","embeddable":true,"href":"https:\/\/www.friaguinee.net\/index.php\/wp-json\/wp\/v2\/tags?post=37277"}],"curies":[{"name":"wp","href":"https:\/\/api.w.org\/{rel}","templated":true}]}}