{"id":37164,"date":"2021-08-10T22:30:33","date_gmt":"2021-08-10T22:30:33","guid":{"rendered":"http:\/\/www.friaguinee.net\/?p=37164"},"modified":"2021-08-10T22:30:35","modified_gmt":"2021-08-10T22:30:35","slug":"cadre-permanent-de-dialogue-politique-et-social-le-cfo-mamadou-sylla-ecrit-a-kassory","status":"publish","type":"post","link":"https:\/\/www.friaguinee.net\/index.php\/2021\/08\/10\/cadre-permanent-de-dialogue-politique-et-social-le-cfo-mamadou-sylla-ecrit-a-kassory\/","title":{"rendered":"Cadre permanent de dialogue politique et social : le CFO Mamadou SYLLA \u00e9crit \u00e0 Kassory"},"content":{"rendered":"\n<p>Dans un communiqu\u00e9 sign\u00e9 le lundi 9 ao\u00fbt 2021, le premier ministre chef du gouvernement et pr\u00e9sident du cadre permanent de dialogue politique et social,a invit\u00e9 les partis politiques,les institutions et la soci\u00e9t\u00e9 civile,\u00e0 se concerter en vue de fournir leurs repr\u00e9sentants au sein de cette. C&rsquo;est dans ce cadre que le chef de file de l&rsquo;opposition pr\u00e9sident de CORED a convoqu\u00e9 une r\u00e9union ce mardi 10 ao\u00fbt l&rsquo;ensemble des membres de sa coalition politique \u00e0 son si\u00e8ge \u00e0 Dixinn Bora  .cette rencontre a \u00e9t\u00e9 sold\u00e9e par la r\u00e9daction d&rsquo;une lettre adress\u00e9e au premier ministre   .Nous vous proposons ci-dessous l&rsquo;int\u00e9gralit\u00e9 de ladite lettre <\/p>\n\n\n\n<p>Excellence Monsieur le Premier Ministre,<\/p>\n\n\n\n<p>Nous avons accueilli avec int\u00e9r\u00eat votre communiqu\u00e9 en date du 9 aout 2021 relatif \u00e0 la d\u00e9signation des membres du secr\u00e9tariat permanent du cadre de dialogue politique et social mis en place par le d\u00e9cret du 27 janvier 2021.<\/p>\n\n\n\n<p>Comme vous le savez, l\u2019opposition guin\u00e9enne est plurielle et diverse.<\/p>\n\n\n\n<p>Aussi, il est n\u00e9cessaire d\u2019organiser une large concertation entre ces diff\u00e9rentes composantes pour aboutir \u00e0 un consensus nous permettant de d\u00e9signer nos repr\u00e9sentants.<\/p>\n\n\n\n<p>En ma qualit\u00e9 de Chef de file de l\u2019Opposition guin\u00e9enne et Pr\u00e9sident du Comit\u00e9 Ex\u00e9cutif de la Convergence pour la Renaissance de la D\u00e9mocratie en Guin\u00e9e  CORED GUINEE qui regroupe 18 formations politiques, j\u2019ai pris contact avec les pr\u00e9sidents des coalitions politiques \u00e0 savoir :<\/p>\n\n\n\n<p>Monsieur Cellou Dalein DIALLO de l\u2019ANAD,<\/p>\n\n\n\n<p>Monsieur Dr Faya MILIMONO du CPR,<\/p>\n\n\n\n<p>Monsieur Dr Ousmane KABA de la COPEG,<\/p>\n\n\n\n<p>Monsieur Sidya TOURE de l\u2019UFR et alli\u00e9s <\/p>\n\n\n\n<p>Cependant, l\u2019ensemble des leaders ayant \u00e9mis le besoin de consulter la base et l\u2019absence de plusieurs responsables politiques de Conakry n\u00e9cessitent un temps de concertation sur la question.<\/p>\n\n\n\n<p>Ainsi, nous pr\u00e9conisons l\u2019organisation d\u2019une concertation entre les diff\u00e9rentes plateformes politiques de l\u2019opposition d\u00e8s la premi\u00e8re quinzaine du mois de septembre.<\/p>\n\n\n\n<p>D\u2019ici l\u00e0, nous aurons eu le temps de pr\u00e9parer cons\u00e9quemment les d\u00e9lib\u00e9rations pour d\u00e9signer nos repr\u00e9sentants au sein du secr\u00e9tariat permanent du cadre de dialogue.<\/p>\n\n\n\n<p>En vous encourageant de privil\u00e9gier l\u2019esprit d\u2019un dialogue constructif et inclusif, nous vous prions d\u2019agr\u00e9er, Monsieur Le Premier Ministre, l\u2019expression de notre haute consid\u00e9ration.<\/p>\n\n\n\n<p>El Hadj Mamadou SYLLA<\/p>\n\n\n\n<p>Chef de file de l\u2019opposition guin\u00e9enne<\/p>\n\n\n\n<p>Pr\u00e9sident de CORED-Guin\u00e9e<\/p>\n","protected":false},"excerpt":{"rendered":"<p>Dans un communiqu\u00e9 sign\u00e9 le lundi 9 ao\u00fbt 2021, le premier ministre chef du gouvernement et pr\u00e9sident du cadre permanent de dialogue politique et social,a invit\u00e9 les partis politiques,les institutions et la soci\u00e9t\u00e9 civile,\u00e0 se concerter en vue de fournir leurs repr\u00e9sentants au sein de cette. C&rsquo;est dans ce cadre que le chef de file [&hellip;]<\/p>\n","protected":false},"author":2,"featured_media":35077,"comment_status":"open","ping_status":"open","sticky":false,"template":"","format":"standard","meta":{"footnotes":""},"categories":[163],"tags":[7803,3116,50,148,264,152,3114],"class_list":["post-37164","post","type-post","status-publish","format-standard","has-post-thumbnail","hentry","category-politique","tag-cadre-permanent-de-dialogue","tag-chef-de-file-de-lopposition","tag-conakry","tag-guinee","tag-kassory","tag-lettre","tag-mamadou-sylla"],"_links":{"self":[{"href":"https:\/\/www.friaguinee.net\/index.php\/wp-json\/wp\/v2\/posts\/37164","targetHints":{"allow":["GET"]}}],"collection":[{"href":"https:\/\/www.friaguinee.net\/index.php\/wp-json\/wp\/v2\/posts"}],"about":[{"href":"https:\/\/www.friaguinee.net\/index.php\/wp-json\/wp\/v2\/types\/post"}],"author":[{"embeddable":true,"href":"https:\/\/www.friaguinee.net\/index.php\/wp-json\/wp\/v2\/users\/2"}],"replies":[{"embeddable":true,"href":"https:\/\/www.friaguinee.net\/index.php\/wp-json\/wp\/v2\/comments?post=37164"}],"version-history":[{"count":1,"href":"https:\/\/www.friaguinee.net\/index.php\/wp-json\/wp\/v2\/posts\/37164\/revisions"}],"predecessor-version":[{"id":37166,"href":"https:\/\/www.friaguinee.net\/index.php\/wp-json\/wp\/v2\/posts\/37164\/revisions\/37166"}],"wp:featuredmedia":[{"embeddable":true,"href":"https:\/\/www.friaguinee.net\/index.php\/wp-json\/wp\/v2\/media\/35077"}],"wp:attachment":[{"href":"https:\/\/www.friaguinee.net\/index.php\/wp-json\/wp\/v2\/media?parent=37164"}],"wp:term":[{"taxonomy":"category","embeddable":true,"href":"https:\/\/www.friaguinee.net\/index.php\/wp-json\/wp\/v2\/categories?post=37164"},{"taxonomy":"post_tag","embeddable":true,"href":"https:\/\/www.friaguinee.net\/index.php\/wp-json\/wp\/v2\/tags?post=37164"}],"curies":[{"name":"wp","href":"https:\/\/api.w.org\/{rel}","templated":true}]}}