{"id":37040,"date":"2021-08-09T15:50:07","date_gmt":"2021-08-09T15:50:07","guid":{"rendered":"http:\/\/www.friaguinee.net\/?p=37040"},"modified":"2021-08-09T15:51:39","modified_gmt":"2021-08-09T15:51:39","slug":"greve-dans-le-secteur-de-la-telephonie-la-primature-apporte-une-premiere-eclaircie","status":"publish","type":"post","link":"https:\/\/www.friaguinee.net\/index.php\/2021\/08\/09\/greve-dans-le-secteur-de-la-telephonie-la-primature-apporte-une-premiere-eclaircie\/","title":{"rendered":"Gr\u00e8ve dans le secteur de la t\u00e9l\u00e9phonie : la primature apporte une premi\u00e8re \u00e9claircie"},"content":{"rendered":"\n<p>La F\u00e9d\u00e9ration Syndicale Autonome des T\u00e9l\u00e9communications(FESATEL) a d\u00e9cid\u00e9 \u00ab de commuer \u00bb sa \u00ab gr\u00e8ve g\u00e9n\u00e9rale en gr\u00e8ve perl\u00e9e \u00bb. Cette annonce surprenante entre en vigueur \u00ab \u00e0 partir du 09ao\u00fbt 2021 \u00bb indique le courrier d\u2019information que la FESATEL a adress\u00e9 au Premier ministre.  <\/p>\n\n\n\n<p>Les gr\u00e9vistes expliquent la flexibilit\u00e9 de leur position par l\u2019engagement du Chef du Gouvernement  \u00ab \u00e0 \u0153uvrer pour un climat de dialogue social inclusif et participatif \u00bb et en prenant en compte \u00ab la souffrance des populations\u2026\u00bb  <\/p>\n\n\n\n<p>Le 28 juillet 2021 en effet, au palais de la Colombe, Dr Ibrahima Kassory Fofana s\u2019\u00e9tait longuement entretenu avec la d\u00e9l\u00e9gation de la FESATEL conduite par son Secr\u00e9taire G\u00e9n\u00e9ral Abdoulaye Barry. Rien n\u2019avait filtr\u00e9 ce jour-l\u00e0 lors de la rencontre qui tenait en r\u00e9alit\u00e9 plus au  partage d\u2019information sur la crise et \u00e0 de la sensibilisation qu\u2019\u00e0 une m\u00e9diation.   <\/p>\n\n\n\n<p>Garant du dialogue social et politique, le Premier ministre est rest\u00e9 ouvert aux \u00e9changes apais\u00e9s et sereins pour favoriser le d\u00e9nouement de la crise.  <\/p>\n\n\n\n<p>Dans son courrier en date du 05 ao\u00fbt, le Secr\u00e9taireG\u00e9n\u00e9ral de la FESATEL  exprime sa gratitude au Chef du Gouvernement en faisant un pas vers le r\u00e9tablissement des services perturb\u00e9s depuis quelques jours.  <\/p>\n\n\n\n<p>Le courrier indique que la p\u00e9riode perl\u00e9e consiste en l\u2019ouverture et au fonctionnement normal des agences les mercredi, jeudi et vendredi.  <\/p>\n\n\n\n<p>Avant la reprise normale du travail, la FESATEL renouvelle au Premier ministre ses \u00ab points de revendication pour viabiliser, s\u00e9curiser et garantir le d\u00e9veloppement du march\u00e9 des t\u00e9l\u00e9coms \u00bb en vue  d\u2019une \u00ab meilleure r\u00e9partition entre les parties prenantes \u00bb.<\/p>\n\n\n\n<p>PGN<\/p>\n","protected":false},"excerpt":{"rendered":"<p>La F\u00e9d\u00e9ration Syndicale Autonome des T\u00e9l\u00e9communications(FESATEL) a d\u00e9cid\u00e9 \u00ab de commuer \u00bb sa \u00ab gr\u00e8ve g\u00e9n\u00e9rale en gr\u00e8ve perl\u00e9e \u00bb. Cette annonce surprenante entre en vigueur \u00ab \u00e0 partir du 09ao\u00fbt 2021 \u00bb indique le courrier d\u2019information que la FESATEL a adress\u00e9 au Premier ministre. Les gr\u00e9vistes expliquent la flexibilit\u00e9 de leur position par l\u2019engagement [&hellip;]<\/p>\n","protected":false},"author":2,"featured_media":37042,"comment_status":"open","ping_status":"open","sticky":false,"template":"","format":"standard","meta":{"footnotes":""},"categories":[6995],"tags":[7776,276,148,1962,6996,7775],"class_list":["post-37040","post","type-post","status-publish","format-standard","has-post-thumbnail","hentry","category-telecommunications","tag-eclaircie","tag-greve","tag-guinee","tag-primature","tag-telecommunications","tag-telephonie"],"_links":{"self":[{"href":"https:\/\/www.friaguinee.net\/index.php\/wp-json\/wp\/v2\/posts\/37040","targetHints":{"allow":["GET"]}}],"collection":[{"href":"https:\/\/www.friaguinee.net\/index.php\/wp-json\/wp\/v2\/posts"}],"about":[{"href":"https:\/\/www.friaguinee.net\/index.php\/wp-json\/wp\/v2\/types\/post"}],"author":[{"embeddable":true,"href":"https:\/\/www.friaguinee.net\/index.php\/wp-json\/wp\/v2\/users\/2"}],"replies":[{"embeddable":true,"href":"https:\/\/www.friaguinee.net\/index.php\/wp-json\/wp\/v2\/comments?post=37040"}],"version-history":[{"count":2,"href":"https:\/\/www.friaguinee.net\/index.php\/wp-json\/wp\/v2\/posts\/37040\/revisions"}],"predecessor-version":[{"id":37043,"href":"https:\/\/www.friaguinee.net\/index.php\/wp-json\/wp\/v2\/posts\/37040\/revisions\/37043"}],"wp:featuredmedia":[{"embeddable":true,"href":"https:\/\/www.friaguinee.net\/index.php\/wp-json\/wp\/v2\/media\/37042"}],"wp:attachment":[{"href":"https:\/\/www.friaguinee.net\/index.php\/wp-json\/wp\/v2\/media?parent=37040"}],"wp:term":[{"taxonomy":"category","embeddable":true,"href":"https:\/\/www.friaguinee.net\/index.php\/wp-json\/wp\/v2\/categories?post=37040"},{"taxonomy":"post_tag","embeddable":true,"href":"https:\/\/www.friaguinee.net\/index.php\/wp-json\/wp\/v2\/tags?post=37040"}],"curies":[{"name":"wp","href":"https:\/\/api.w.org\/{rel}","templated":true}]}}