{"id":37030,"date":"2021-08-09T14:28:54","date_gmt":"2021-08-09T14:28:54","guid":{"rendered":"http:\/\/www.friaguinee.net\/?p=37030"},"modified":"2021-08-09T14:28:57","modified_gmt":"2021-08-09T14:28:57","slug":"fria-greve-des-transporteurs-le-mot-dordre-bien-suivi-tous-les-taxis-immobilises-a-la-gare-routiere","status":"publish","type":"post","link":"https:\/\/www.friaguinee.net\/index.php\/2021\/08\/09\/fria-greve-des-transporteurs-le-mot-dordre-bien-suivi-tous-les-taxis-immobilises-a-la-gare-routiere\/","title":{"rendered":"Fria\/Gr\u00e8ve des transporteurs : le mot d&rsquo;ordre bien suivi, tous les taxis immobilis\u00e9s \u00e0 la gare routi\u00e8re"},"content":{"rendered":"\n<p>Ce lundi matin \u00e0 la surprise g\u00e9n\u00e9rale, tous les v\u00e9hicules de transport en commun ayant pour destinations Conakry, Tan\u00e8n\u00e8 et Bok\u00e9 sont immobilis\u00e9s  \u00e0 la gare routi\u00e8re \u00ab\u00a0Banankoro\u00a0\u00bb de Fria. La cause, les chauffeurs ont d\u00e9cid\u00e9 de manifester leur col\u00e8re face \u00e0 une d\u00e9cision commune du gouvernement et du syndicat national.<\/p>\n\n\n\n<figure class=\"wp-block-image\"><img loading=\"lazy\" decoding=\"async\" width=\"1024\" height=\"768\" src=\"http:\/\/www.friaguinee.net\/wp-content\/uploads\/2021\/08\/Photo_1628506467706-1024x768.jpg\" alt=\"\" class=\"wp-image-37033\" srcset=\"https:\/\/www.friaguinee.net\/wp-content\/uploads\/2021\/08\/Photo_1628506467706-1024x768.jpg 1024w, https:\/\/www.friaguinee.net\/wp-content\/uploads\/2021\/08\/Photo_1628506467706-300x225.jpg 300w, https:\/\/www.friaguinee.net\/wp-content\/uploads\/2021\/08\/Photo_1628506467706-768x576.jpg 768w, https:\/\/www.friaguinee.net\/wp-content\/uploads\/2021\/08\/Photo_1628506467706-80x60.jpg 80w, https:\/\/www.friaguinee.net\/wp-content\/uploads\/2021\/08\/Photo_1628506467706-265x198.jpg 265w, https:\/\/www.friaguinee.net\/wp-content\/uploads\/2021\/08\/Photo_1628506467706-696x522.jpg 696w, https:\/\/www.friaguinee.net\/wp-content\/uploads\/2021\/08\/Photo_1628506467706-1068x801.jpg 1068w, https:\/\/www.friaguinee.net\/wp-content\/uploads\/2021\/08\/Photo_1628506467706-560x420.jpg 560w, https:\/\/www.friaguinee.net\/wp-content\/uploads\/2021\/08\/Photo_1628506467706.jpg 2048w\" sizes=\"auto, (max-width: 1024px) 100vw, 1024px\" \/><\/figure>\n\n\n\n<p>Sur place, les conducteurs assis sous l&rsquo;ombre d&rsquo;un arbre, parle de mauvaise foi du gouvernement et se disent d\u00e9termin\u00e9s \u00e0 aller jusqu&rsquo;au bout de leur revendication. <\/p>\n\n\n\n<p>\u00ab\u00a0<strong><em>Le gouvernement ne peut pas augmenter le prix du carburant sans penser au secteur du transport. C&rsquo;est de la m\u00e9chancet\u00e9, ils ont le coeur dure sinon actuellement ce n&rsquo;est pas augmenter le prix carburant qu&rsquo;ils allaient faire. Le carburant leur appartient mais nos taxis nous appartiennent aussi. Donc nous allons garer jusqu&rsquo;\u00e0 ce qu&rsquo;ils nous prennent en consid\u00e9ration dans cette affaire<\/em><\/strong>\u00a0\u00bb a d\u00e9clar\u00e9 Lamarana bah visiblement tr\u00e8s en col\u00e8re. <\/p>\n\n\n\n<p>Approch\u00e9, un syndicaliste a affirm\u00e9 \u00eatre surpris de cette attitude de ses coll\u00e8gues \u00e0 qui il a pourtant transmis la commission du syndicat na.<\/p>\n\n\n\n<p> &lt;&lt; <strong><em>J&rsquo;ai re\u00e7u une note de ma hi\u00e9rarchie indiquant que le transport reste maintenu \u00e0 l&rsquo;ancien prix jusqu&rsquo;\u00e0 nouvel ordre. C&rsquo;est cette information que j&rsquo;ai fait passer aux chauffeurs et je leur ai dit que tout chauffeur qui est pr\u00eat \u00e0 respecter la condition est libre d&#8217;embarquer<\/em><\/strong> >> a d\u00e9clar\u00e9 M.B.<\/p>\n\n\n\n<p>N\u00e9anmoins, le syndicaliste dit comprendre la r\u00e9action des frondeurs et plaide pour un  l\u00e9ger r\u00e9ajustement du prix du transport.<\/p>\n\n\n\n<p>&lt;&lt; <strong><em>Je comprends l&rsquo;attitude des chauffeurs parce qu&rsquo;en g\u00e9n\u00e9ral lorsqu&rsquo;on augmente le prix du carburant, le transport aussi augmente. C&rsquo;est la premi\u00e8re fois depuis que je suis dans ce m\u00e9tier qu&rsquo;on n&rsquo;assiste \u00e0 une augmentation du carburant sans que le transport ne soit augment\u00e9. Ce que je demande aux autorit\u00e9s c&rsquo;est d&rsquo;accepter que les chauffeurs r\u00e9ajustement un peu le prix du transport pour qu&rsquo;ils puissent aussi avoir un peu de b\u00e9n\u00e9fices<\/em><\/strong> >> a-t-il plaid\u00e9.<\/p>\n\n\n\n<figure class=\"wp-block-image\"><img loading=\"lazy\" decoding=\"async\" width=\"1024\" height=\"768\" src=\"http:\/\/www.friaguinee.net\/wp-content\/uploads\/2021\/08\/Photo_1628506467260-1024x768.jpg\" alt=\"\" class=\"wp-image-37034\" srcset=\"https:\/\/www.friaguinee.net\/wp-content\/uploads\/2021\/08\/Photo_1628506467260-1024x768.jpg 1024w, https:\/\/www.friaguinee.net\/wp-content\/uploads\/2021\/08\/Photo_1628506467260-300x225.jpg 300w, https:\/\/www.friaguinee.net\/wp-content\/uploads\/2021\/08\/Photo_1628506467260-768x576.jpg 768w, https:\/\/www.friaguinee.net\/wp-content\/uploads\/2021\/08\/Photo_1628506467260-80x60.jpg 80w, https:\/\/www.friaguinee.net\/wp-content\/uploads\/2021\/08\/Photo_1628506467260-265x198.jpg 265w, https:\/\/www.friaguinee.net\/wp-content\/uploads\/2021\/08\/Photo_1628506467260-696x522.jpg 696w, https:\/\/www.friaguinee.net\/wp-content\/uploads\/2021\/08\/Photo_1628506467260-1068x801.jpg 1068w, https:\/\/www.friaguinee.net\/wp-content\/uploads\/2021\/08\/Photo_1628506467260-560x420.jpg 560w, https:\/\/www.friaguinee.net\/wp-content\/uploads\/2021\/08\/Photo_1628506467260.jpg 2048w\" sizes=\"auto, (max-width: 1024px) 100vw, 1024px\" \/><\/figure>\n\n\n\n<p> La semaine derni\u00e8re, le gouvernement guin\u00e9en a proc\u00e9d\u00e9 \u00e0 une augmentation de 2000 gnf sur le prix du carburant \u00e0 la pompe. Il a, avec le syndicat national des transporteurs invit\u00e9 les chauffeurs eux, \u00e0 maintenir les anciens prix. Un fait que r\u00e9futent tous les transporteurs du pays qui ont d\u00e9cid\u00e9 de paralyser les activit\u00e9s pendant 48 heures.<\/p>\n\n\n\n<p><strong>Alimou Gaoual Bah pour friaguinee.net<\/strong> <\/p>\n","protected":false},"excerpt":{"rendered":"<p>Ce lundi matin \u00e0 la surprise g\u00e9n\u00e9rale, tous les v\u00e9hicules de transport en commun ayant pour destinations Conakry, Tan\u00e8n\u00e8 et Bok\u00e9 sont immobilis\u00e9s \u00e0 la gare routi\u00e8re \u00ab\u00a0Banankoro\u00a0\u00bb de Fria. La cause, les chauffeurs ont d\u00e9cid\u00e9 de manifester leur col\u00e8re face \u00e0 une d\u00e9cision commune du gouvernement et du syndicat national. Sur place, les conducteurs [&hellip;]<\/p>\n","protected":false},"author":2,"featured_media":37035,"comment_status":"open","ping_status":"open","sticky":false,"template":"","format":"standard","meta":{"footnotes":""},"categories":[1833],"tags":[49,7773,6496,5599],"class_list":["post-37030","post","type-post","status-publish","format-standard","has-post-thumbnail","hentry","category-transport","tag-fria","tag-greve-des-transporteurs","tag-hausse-du-prix-du-carburant","tag-taxis"],"_links":{"self":[{"href":"https:\/\/www.friaguinee.net\/index.php\/wp-json\/wp\/v2\/posts\/37030","targetHints":{"allow":["GET"]}}],"collection":[{"href":"https:\/\/www.friaguinee.net\/index.php\/wp-json\/wp\/v2\/posts"}],"about":[{"href":"https:\/\/www.friaguinee.net\/index.php\/wp-json\/wp\/v2\/types\/post"}],"author":[{"embeddable":true,"href":"https:\/\/www.friaguinee.net\/index.php\/wp-json\/wp\/v2\/users\/2"}],"replies":[{"embeddable":true,"href":"https:\/\/www.friaguinee.net\/index.php\/wp-json\/wp\/v2\/comments?post=37030"}],"version-history":[{"count":4,"href":"https:\/\/www.friaguinee.net\/index.php\/wp-json\/wp\/v2\/posts\/37030\/revisions"}],"predecessor-version":[{"id":37037,"href":"https:\/\/www.friaguinee.net\/index.php\/wp-json\/wp\/v2\/posts\/37030\/revisions\/37037"}],"wp:featuredmedia":[{"embeddable":true,"href":"https:\/\/www.friaguinee.net\/index.php\/wp-json\/wp\/v2\/media\/37035"}],"wp:attachment":[{"href":"https:\/\/www.friaguinee.net\/index.php\/wp-json\/wp\/v2\/media?parent=37030"}],"wp:term":[{"taxonomy":"category","embeddable":true,"href":"https:\/\/www.friaguinee.net\/index.php\/wp-json\/wp\/v2\/categories?post=37030"},{"taxonomy":"post_tag","embeddable":true,"href":"https:\/\/www.friaguinee.net\/index.php\/wp-json\/wp\/v2\/tags?post=37030"}],"curies":[{"name":"wp","href":"https:\/\/api.w.org\/{rel}","templated":true}]}}