{"id":36998,"date":"2021-08-06T19:53:09","date_gmt":"2021-08-06T19:53:09","guid":{"rendered":"http:\/\/www.friaguinee.net\/?p=36998"},"modified":"2021-08-06T19:53:10","modified_gmt":"2021-08-06T19:53:10","slug":"fria-nouveaux-variants-de-la-covid-19-reunion-durgence-barrage-sanitaire-fermeture-des-lieux-de-loisirs","status":"publish","type":"post","link":"https:\/\/www.friaguinee.net\/index.php\/2021\/08\/06\/fria-nouveaux-variants-de-la-covid-19-reunion-durgence-barrage-sanitaire-fermeture-des-lieux-de-loisirs\/","title":{"rendered":"Fria\/Nouveaux variants de la Covid-19 : r\u00e9union d&rsquo;urgence, barrage sanitaire, fermeture des lieux de loisirs"},"content":{"rendered":"\n<p>Sur instruction du Pr\u00e9fet Colonel Mamadou Lamarana Diallo, une r\u00e9union d&rsquo;urgence s&rsquo;est tenue dans la salle de conf\u00e9rence du bloc administratif.<\/p>\n\n\n\n<p>Objectif, \u00e9changer autour de la mise en application des mesures \u00e9dict\u00e9es par le chef de l&rsquo;\u00c9tat face \u00e0 la menace des variants de la Covid-19 dans le pays.<\/p>\n\n\n\n<p>La rencontre a connu la pr\u00e9sence du Secr\u00e9taire g\u00e9n\u00e9ral charg\u00e9 des Affaires Administratives repr\u00e9sentant M.le pr\u00e9fet, les autorit\u00e9s communales et sous-pr\u00e9fectorales, les repr\u00e9sentants descforces de d\u00e9fense et de s\u00e9curit\u00e9, la direction pr\u00e9fectorale de la sant\u00e9, la direction pr\u00e9fectorale de la jeunesse, la direction pr\u00e9fectorale du tourisme et de l&rsquo;h\u00f4tellerie, la soci\u00e9t\u00e9 civile, l&rsquo;Imam de la grande mosqu\u00e9e, le syndicat des taxis motos et transporteurs routiers et les hommes de m\u00e9dias. <\/p>\n\n\n\n<p>Au terme des discussions qui ont dur\u00e9 quelques heures, il a \u00e9t\u00e9 rappel\u00e9 \u00e0 tous que que face \u00e0 la situation qui pr\u00e9vaut, la R\u00e9publique de Guin\u00e9e \u00e0 l&rsquo;instar des autres pays, a amend\u00e9 son protocole de contr\u00f4le sanitaire comme suit :<\/p>\n\n\n\n<p>1- le couvre feu est ramen\u00e9 de 22h \u00e0 4h du 04h .<\/p>\n\n\n\n<p>2- le respect obligatoire du port de bavette.<\/p>\n\n\n\n<p>3- le respect de la distanciation.<\/p>\n\n\n\n<p>4- le lavage des mains.<\/p>\n\n\n\n<p>5- le renforcement du contr\u00f4le sanitaire dans les points d&rsquo;entr\u00e9e des pr\u00e9fectures mini\u00e8res (contr\u00f4le PCR et carte de vaccination)<\/p>\n\n\n\n<p>6- l&rsquo;interdiction des regroupements pour des raisons de c\u00e9r\u00e9monie de plus de 50 personnes ( mariage, bapt\u00eame et fun\u00e9railles).<\/p>\n\n\n\n<p>7- le respect rigoureux des mesures barri\u00e8res dans les lieux de culte.<\/p>\n\n\n\n<p>8- l&rsquo;interdiction de transfert de corps test\u00e9 Positif \u00e0 la covid-19.<\/p>\n\n\n\n<p>9- le contr\u00f4le sanitaire (certificat de n\u00e9gativit\u00e9 de TDR o\u00f9 PCR ou de vaccination) pour les voyageurs inter- urbains \u00e0 la rentr\u00e9e et \u00e0 la sortie des diff\u00e9rentes pr\u00e9fectures.<\/p>\n\n\n\n<p>10- le maintien des dispositions de contr\u00f4le sanitaire en vigueur pour les lieux de loisirs (h\u00f4tels, restaurants et bars).<\/p>\n\n\n\n<p>11- l&rsquo;obligation des structures priv\u00e9es d&rsquo;effectuer les tests de diagnostic en collaboration avec L&rsquo;ANSS et r\u00e9f\u00e9rence en cas de positivit\u00e9 au covid-19.<\/p>\n\n\n\n<p>12- l&rsquo;invite de la population \u00e0 se faire vacciner massivement contre le covid-19 dans les lieux de vaccination retenus sur toute l&rsquo;\u00e9tendue du territoire.<\/p>\n\n\n\n<p>Les autorit\u00e9s pr\u00e9fectorales et communales ont d\u00e9cid\u00e9 de veiller rigoureusement sur l&rsquo;applicabilit\u00e9 de ces mesures. Elles ont insist\u00e9 sur l&rsquo;\u00e9rection d&rsquo;un barrage sanitaire \u00e0 l&rsquo;entr\u00e9e de la ville, \u00e0 la fermeture stricte des lieux de loisirs et au respect du nombre de personnes dans les regroupements.<\/p>\n\n\n\n<p>A titre de rappel, les dispositions de la prorogation de l&rsquo;\u00e9tat d&rsquo;urgence sanitaire du 26 juillet 2021 reste en vigueur et le non respect des pr\u00e9sentes dispositions expose le contrevenant aux mesures disciplinaires pr\u00e9vues \u00e0 cet effet.<\/p>\n\n\n\n<p><strong>Abdoulaye Barry pour friaguinee.net <\/strong><\/p>\n","protected":false},"excerpt":{"rendered":"<p>Sur instruction du Pr\u00e9fet Colonel Mamadou Lamarana Diallo, une r\u00e9union d&rsquo;urgence s&rsquo;est tenue dans la salle de conf\u00e9rence du bloc administratif. Objectif, \u00e9changer autour de la mise en application des mesures \u00e9dict\u00e9es par le chef de l&rsquo;\u00c9tat face \u00e0 la menace des variants de la Covid-19 dans le pays. La rencontre a connu la pr\u00e9sence [&hellip;]<\/p>\n","protected":false},"author":2,"featured_media":3416,"comment_status":"open","ping_status":"open","sticky":false,"template":"","format":"standard","meta":{"footnotes":""},"categories":[4],"tags":[2582,49,1737,751,7518],"class_list":["post-36998","post","type-post","status-publish","format-standard","has-post-thumbnail","hentry","category-sante","tag-covid-19","tag-fria","tag-mesures","tag-sante","tag-variants"],"_links":{"self":[{"href":"https:\/\/www.friaguinee.net\/index.php\/wp-json\/wp\/v2\/posts\/36998","targetHints":{"allow":["GET"]}}],"collection":[{"href":"https:\/\/www.friaguinee.net\/index.php\/wp-json\/wp\/v2\/posts"}],"about":[{"href":"https:\/\/www.friaguinee.net\/index.php\/wp-json\/wp\/v2\/types\/post"}],"author":[{"embeddable":true,"href":"https:\/\/www.friaguinee.net\/index.php\/wp-json\/wp\/v2\/users\/2"}],"replies":[{"embeddable":true,"href":"https:\/\/www.friaguinee.net\/index.php\/wp-json\/wp\/v2\/comments?post=36998"}],"version-history":[{"count":2,"href":"https:\/\/www.friaguinee.net\/index.php\/wp-json\/wp\/v2\/posts\/36998\/revisions"}],"predecessor-version":[{"id":37000,"href":"https:\/\/www.friaguinee.net\/index.php\/wp-json\/wp\/v2\/posts\/36998\/revisions\/37000"}],"wp:featuredmedia":[{"embeddable":true,"href":"https:\/\/www.friaguinee.net\/index.php\/wp-json\/wp\/v2\/media\/3416"}],"wp:attachment":[{"href":"https:\/\/www.friaguinee.net\/index.php\/wp-json\/wp\/v2\/media?parent=36998"}],"wp:term":[{"taxonomy":"category","embeddable":true,"href":"https:\/\/www.friaguinee.net\/index.php\/wp-json\/wp\/v2\/categories?post=36998"},{"taxonomy":"post_tag","embeddable":true,"href":"https:\/\/www.friaguinee.net\/index.php\/wp-json\/wp\/v2\/tags?post=36998"}],"curies":[{"name":"wp","href":"https:\/\/api.w.org\/{rel}","templated":true}]}}