{"id":36992,"date":"2021-08-06T19:04:20","date_gmt":"2021-08-06T19:04:20","guid":{"rendered":"http:\/\/www.friaguinee.net\/?p=36992"},"modified":"2021-08-06T19:06:43","modified_gmt":"2021-08-06T19:06:43","slug":"guinee-un-cas-probable-de-la-fievre-de-marburg-notifie-a-gueckedou1","status":"publish","type":"post","link":"https:\/\/www.friaguinee.net\/index.php\/2021\/08\/06\/guinee-un-cas-probable-de-la-fievre-de-marburg-notifie-a-gueckedou1\/","title":{"rendered":"Guin\u00e9e : un cas probable de la fi\u00e8vre de Marburg notifi\u00e9 \u00e0 Gu\u00e9ck\u00e9dou"},"content":{"rendered":"\n<p>Un cas probable de la fi\u00e8vre de Marburg a \u00e9t\u00e9 notifi\u00e9 me jeudi , 5 ao\u00fbt 2021 \u00e0 T\u00e9m\u00e9ssadou M&rsquo;Bok\u00e9, sous-pr\u00e9fecture de Koundou, pr\u00e9fecture de Gu\u00e9ck\u00e9dou dans la r\u00e9gion sanitaire de N&rsquo;z\u00e9r\u00e9kor\u00e9, par deux laboratoires nationaux bas\u00e9s \u00e0 Gu\u00e9ck\u00e9dou et \u00e0 Conakry au niveau P2.<\/p>\n\n\n\n<p><strong>Ci-dessous la note d&rsquo;information de l&rsquo;ANSS<\/strong><\/p>\n\n\n\n<figure class=\"wp-block-image\"><img loading=\"lazy\" decoding=\"async\" width=\"720\" height=\"980\" src=\"http:\/\/www.friaguinee.net\/wp-content\/uploads\/2021\/08\/FB_IMG_1628276118371.jpg\" alt=\"\" class=\"wp-image-36993\" srcset=\"https:\/\/www.friaguinee.net\/wp-content\/uploads\/2021\/08\/FB_IMG_1628276118371.jpg 720w, https:\/\/www.friaguinee.net\/wp-content\/uploads\/2021\/08\/FB_IMG_1628276118371-220x300.jpg 220w, https:\/\/www.friaguinee.net\/wp-content\/uploads\/2021\/08\/FB_IMG_1628276118371-696x947.jpg 696w, https:\/\/www.friaguinee.net\/wp-content\/uploads\/2021\/08\/FB_IMG_1628276118371-309x420.jpg 309w\" sizes=\"auto, (max-width: 720px) 100vw, 720px\" \/><\/figure>\n","protected":false},"excerpt":{"rendered":"<p>Un cas probable de la fi\u00e8vre de Marburg a \u00e9t\u00e9 notifi\u00e9 me jeudi , 5 ao\u00fbt 2021 \u00e0 T\u00e9m\u00e9ssadou M&rsquo;Bok\u00e9, sous-pr\u00e9fecture de Koundou, pr\u00e9fecture de Gu\u00e9ck\u00e9dou dans la r\u00e9gion sanitaire de N&rsquo;z\u00e9r\u00e9kor\u00e9, par deux laboratoires nationaux bas\u00e9s \u00e0 Gu\u00e9ck\u00e9dou et \u00e0 Conakry au niveau P2. Ci-dessous la note d&rsquo;information de l&rsquo;ANSS<\/p>\n","protected":false},"author":2,"featured_media":2486,"comment_status":"open","ping_status":"open","sticky":false,"template":"","format":"standard","meta":{"footnotes":""},"categories":[4],"tags":[1795,50,7768,7769,148],"class_list":["post-36992","post","type-post","status-publish","format-standard","has-post-thumbnail","hentry","category-sante","tag-anss","tag-conakry","tag-fievre-de-marburg","tag-gueckedou","tag-guinee"],"_links":{"self":[{"href":"https:\/\/www.friaguinee.net\/index.php\/wp-json\/wp\/v2\/posts\/36992","targetHints":{"allow":["GET"]}}],"collection":[{"href":"https:\/\/www.friaguinee.net\/index.php\/wp-json\/wp\/v2\/posts"}],"about":[{"href":"https:\/\/www.friaguinee.net\/index.php\/wp-json\/wp\/v2\/types\/post"}],"author":[{"embeddable":true,"href":"https:\/\/www.friaguinee.net\/index.php\/wp-json\/wp\/v2\/users\/2"}],"replies":[{"embeddable":true,"href":"https:\/\/www.friaguinee.net\/index.php\/wp-json\/wp\/v2\/comments?post=36992"}],"version-history":[{"count":1,"href":"https:\/\/www.friaguinee.net\/index.php\/wp-json\/wp\/v2\/posts\/36992\/revisions"}],"predecessor-version":[{"id":36994,"href":"https:\/\/www.friaguinee.net\/index.php\/wp-json\/wp\/v2\/posts\/36992\/revisions\/36994"}],"wp:featuredmedia":[{"embeddable":true,"href":"https:\/\/www.friaguinee.net\/index.php\/wp-json\/wp\/v2\/media\/2486"}],"wp:attachment":[{"href":"https:\/\/www.friaguinee.net\/index.php\/wp-json\/wp\/v2\/media?parent=36992"}],"wp:term":[{"taxonomy":"category","embeddable":true,"href":"https:\/\/www.friaguinee.net\/index.php\/wp-json\/wp\/v2\/categories?post=36992"},{"taxonomy":"post_tag","embeddable":true,"href":"https:\/\/www.friaguinee.net\/index.php\/wp-json\/wp\/v2\/tags?post=36992"}],"curies":[{"name":"wp","href":"https:\/\/api.w.org\/{rel}","templated":true}]}}