{"id":36966,"date":"2021-08-06T10:19:56","date_gmt":"2021-08-06T10:19:56","guid":{"rendered":"http:\/\/www.friaguinee.net\/?p=36966"},"modified":"2021-08-06T10:19:58","modified_gmt":"2021-08-06T10:19:58","slug":"lutte-contre-la-covid-19-en-guinee-la-requisition-des-medias-audiovisuels-reconduite-par-le-mi-c","status":"publish","type":"post","link":"https:\/\/www.friaguinee.net\/index.php\/2021\/08\/06\/lutte-contre-la-covid-19-en-guinee-la-requisition-des-medias-audiovisuels-reconduite-par-le-mi-c\/","title":{"rendered":"Lutte contre la Covid-19 en Guin\u00e9e : la r\u00e9quisition des m\u00e9dias audiovisuels reconduite par le MI-C"},"content":{"rendered":"\n<p>Dans le cadre de la lutte contre la pand\u00e9mie COVID19, le Ministre Amara Sompar\u00e9 reconduit la r\u00e9quisition des m\u00e9dias audiovisuels publics et priv\u00e9s sur toute l\u2019\u00e9tendue du territoire national. Cette mesure entre en application des instructions du Gouvernement pour le renforcement des mesures sanitaires face \u00e0 la menace des variants Delta, Alfa et autres de la COVID19.<\/p>\n\n\n\n<figure class=\"wp-block-image\"><img loading=\"lazy\" decoding=\"async\" width=\"720\" height=\"1018\" src=\"http:\/\/www.friaguinee.net\/wp-content\/uploads\/2021\/08\/FB_IMG_1628244693030.jpg\" alt=\"\" class=\"wp-image-36967\" srcset=\"https:\/\/www.friaguinee.net\/wp-content\/uploads\/2021\/08\/FB_IMG_1628244693030.jpg 720w, https:\/\/www.friaguinee.net\/wp-content\/uploads\/2021\/08\/FB_IMG_1628244693030-212x300.jpg 212w, https:\/\/www.friaguinee.net\/wp-content\/uploads\/2021\/08\/FB_IMG_1628244693030-696x984.jpg 696w, https:\/\/www.friaguinee.net\/wp-content\/uploads\/2021\/08\/FB_IMG_1628244693030-297x420.jpg 297w\" sizes=\"auto, (max-width: 720px) 100vw, 720px\" \/><\/figure>\n","protected":false},"excerpt":{"rendered":"<p>Dans le cadre de la lutte contre la pand\u00e9mie COVID19, le Ministre Amara Sompar\u00e9 reconduit la r\u00e9quisition des m\u00e9dias audiovisuels publics et priv\u00e9s sur toute l\u2019\u00e9tendue du territoire national. Cette mesure entre en application des instructions du Gouvernement pour le renforcement des mesures sanitaires face \u00e0 la menace des variants Delta, Alfa et autres de [&hellip;]<\/p>\n","protected":false},"author":2,"featured_media":36969,"comment_status":"open","ping_status":"open","sticky":false,"template":"","format":"standard","meta":{"footnotes":""},"categories":[3990],"tags":[1849,7767,2582,148,641,4463],"class_list":["post-36966","post","type-post","status-publish","format-standard","has-post-thumbnail","hentry","category-medias","tag-amara-sompare","tag-audiovisuels","tag-covid-19","tag-guinee","tag-medias","tag-requisition"],"_links":{"self":[{"href":"https:\/\/www.friaguinee.net\/index.php\/wp-json\/wp\/v2\/posts\/36966","targetHints":{"allow":["GET"]}}],"collection":[{"href":"https:\/\/www.friaguinee.net\/index.php\/wp-json\/wp\/v2\/posts"}],"about":[{"href":"https:\/\/www.friaguinee.net\/index.php\/wp-json\/wp\/v2\/types\/post"}],"author":[{"embeddable":true,"href":"https:\/\/www.friaguinee.net\/index.php\/wp-json\/wp\/v2\/users\/2"}],"replies":[{"embeddable":true,"href":"https:\/\/www.friaguinee.net\/index.php\/wp-json\/wp\/v2\/comments?post=36966"}],"version-history":[{"count":1,"href":"https:\/\/www.friaguinee.net\/index.php\/wp-json\/wp\/v2\/posts\/36966\/revisions"}],"predecessor-version":[{"id":36968,"href":"https:\/\/www.friaguinee.net\/index.php\/wp-json\/wp\/v2\/posts\/36966\/revisions\/36968"}],"wp:featuredmedia":[{"embeddable":true,"href":"https:\/\/www.friaguinee.net\/index.php\/wp-json\/wp\/v2\/media\/36969"}],"wp:attachment":[{"href":"https:\/\/www.friaguinee.net\/index.php\/wp-json\/wp\/v2\/media?parent=36966"}],"wp:term":[{"taxonomy":"category","embeddable":true,"href":"https:\/\/www.friaguinee.net\/index.php\/wp-json\/wp\/v2\/categories?post=36966"},{"taxonomy":"post_tag","embeddable":true,"href":"https:\/\/www.friaguinee.net\/index.php\/wp-json\/wp\/v2\/tags?post=36966"}],"curies":[{"name":"wp","href":"https:\/\/api.w.org\/{rel}","templated":true}]}}