{"id":36822,"date":"2021-08-03T14:10:45","date_gmt":"2021-08-03T14:10:45","guid":{"rendered":"http:\/\/www.friaguinee.net\/?p=36822"},"modified":"2021-08-03T14:10:46","modified_gmt":"2021-08-03T14:10:46","slug":"me-mohamed-traore-si-oumar-sylla-savait-quil-ne-pouvait-pas-compter-sur-un-proces-juste-et-equitable","status":"publish","type":"post","link":"https:\/\/www.friaguinee.net\/index.php\/2021\/08\/03\/me-mohamed-traore-si-oumar-sylla-savait-quil-ne-pouvait-pas-compter-sur-un-proces-juste-et-equitable\/","title":{"rendered":"Me Mohamed Traor\u00e9 : \u00ab\u00a0Si Oumar Sylla savait qu&rsquo;il ne pouvait pas compter sur un proc\u00e8s juste et \u00e9quitable&#8230;\u00a0\u00bb"},"content":{"rendered":"\n<p>S\u00e9kou Koundouno et Ibrahim Diallo ont fait la prison au m\u00eame titre que d&rsquo;autres responsables du FNDC. Ils ont une exp\u00e9rience am\u00e8re de notre justice. Ils ont donc bien fait de se mettre \u00e0 l&rsquo;abri de la r\u00e9pression afin de pouvoir continuer leur combat. <\/p>\n\n\n\n<p>Si Oumar Sylla savait qu&rsquo;il ne pouvait pas compter sur un proc\u00e8s juste et \u00e9quitable, il aurait peut-\u00eatre pris des cautions pour ne pas \u00eatre victime de l&rsquo;injustice qu&rsquo;il subit aujourd&rsquo;hui. Ses deux camarades ont peut-\u00eatre compris que dans les dossiers politiques, la justice n&rsquo;est pas n\u00e9cessairement un rempart contre l&rsquo;injustice.<\/p>\n\n\n\n<p>Certains regrettent peut-\u00eatre que tous les opposants au troisi\u00e8me mandats ( acteurs de ou de la soci\u00e9t\u00e9 civile) n&rsquo;aient pas tous \u00e9t\u00e9 jet\u00e9s en prison au m\u00eame moment pour faire taire d\u00e9finitivement toutes les contestations.<\/p>\n\n\n\n<p>Le proph\u00e8te Muhammad (SAW)  lui-m\u00eame et son compagnons ont \u00e9t\u00e9 oblig\u00e9s de quitter la Mecque pour la M\u00e9dine en raison des violences et pers\u00e9cutions dont ils \u00e9taient l&rsquo;objet de la part de marchands mecquois.<\/p>\n\n\n\n<p>Des opposants historiques ont v\u00e9cu une bonne partie de leur opposition historique en dehors de leurs pays. Il faut donc se garder d&rsquo;avoir la pr\u00e9tention de donner des le\u00e7ons de courage aux autres d\u00e8s lors qu&rsquo;on n&rsquo;a pas soi-m\u00eame souvent brill\u00e9 par notre courage.<\/p>\n\n\n\n<p>Dans tous les cas, face \u00e0 la pers\u00e9cution et \u00e0 l&rsquo;injustice, tout homme a le droit de se mettre \u00e0 l&rsquo;abri, y compris en dehors du pays,  pour pouvoir continuer \u00e0 mener leur combat.<\/p>\n\n\n\n<p>S\u00e9kou Koundouno, Saikou Yaya Diallo et Ibrahim Diallo ont parfaitement raison de prendre la d\u00e9cision de s&rsquo;exiler. Ce qui n&rsquo;est nullement une d\u00e9mission ou un manque de courage. Le courage, ce n&rsquo;est pas la folie.<\/p>\n\n\n\n<p><strong>Maitre Mohamed Traor\u00e9<\/strong><\/p>\n","protected":false},"excerpt":{"rendered":"<p>S\u00e9kou Koundouno et Ibrahim Diallo ont fait la prison au m\u00eame titre que d&rsquo;autres responsables du FNDC. Ils ont une exp\u00e9rience am\u00e8re de notre justice. Ils ont donc bien fait de se mettre \u00e0 l&rsquo;abri de la r\u00e9pression afin de pouvoir continuer leur combat. Si Oumar Sylla savait qu&rsquo;il ne pouvait pas compter sur un [&hellip;]<\/p>\n","protected":false},"author":2,"featured_media":21317,"comment_status":"open","ping_status":"open","sticky":false,"template":"","format":"standard","meta":{"footnotes":""},"categories":[153],"tags":[2207,7414,2916,2208],"class_list":["post-36822","post","type-post","status-publish","format-standard","has-post-thumbnail","hentry","category-opinion","tag-ibrahima-diallo","tag-me-mohamed-traore","tag-oumar-sylla","tag-sekou-koundouno"],"_links":{"self":[{"href":"https:\/\/www.friaguinee.net\/index.php\/wp-json\/wp\/v2\/posts\/36822","targetHints":{"allow":["GET"]}}],"collection":[{"href":"https:\/\/www.friaguinee.net\/index.php\/wp-json\/wp\/v2\/posts"}],"about":[{"href":"https:\/\/www.friaguinee.net\/index.php\/wp-json\/wp\/v2\/types\/post"}],"author":[{"embeddable":true,"href":"https:\/\/www.friaguinee.net\/index.php\/wp-json\/wp\/v2\/users\/2"}],"replies":[{"embeddable":true,"href":"https:\/\/www.friaguinee.net\/index.php\/wp-json\/wp\/v2\/comments?post=36822"}],"version-history":[{"count":1,"href":"https:\/\/www.friaguinee.net\/index.php\/wp-json\/wp\/v2\/posts\/36822\/revisions"}],"predecessor-version":[{"id":36824,"href":"https:\/\/www.friaguinee.net\/index.php\/wp-json\/wp\/v2\/posts\/36822\/revisions\/36824"}],"wp:featuredmedia":[{"embeddable":true,"href":"https:\/\/www.friaguinee.net\/index.php\/wp-json\/wp\/v2\/media\/21317"}],"wp:attachment":[{"href":"https:\/\/www.friaguinee.net\/index.php\/wp-json\/wp\/v2\/media?parent=36822"}],"wp:term":[{"taxonomy":"category","embeddable":true,"href":"https:\/\/www.friaguinee.net\/index.php\/wp-json\/wp\/v2\/categories?post=36822"},{"taxonomy":"post_tag","embeddable":true,"href":"https:\/\/www.friaguinee.net\/index.php\/wp-json\/wp\/v2\/tags?post=36822"}],"curies":[{"name":"wp","href":"https:\/\/api.w.org\/{rel}","templated":true}]}}