{"id":36767,"date":"2021-08-02T18:52:30","date_gmt":"2021-08-02T18:52:30","guid":{"rendered":"http:\/\/www.friaguinee.net\/?p=36767"},"modified":"2021-08-02T18:52:31","modified_gmt":"2021-08-02T18:52:31","slug":"ismael-conde-en-prison-sa-femme-kadiatou-sow-supplie-alpha-conde-daccepeter-le-pardon-de-son-mari","status":"publish","type":"post","link":"https:\/\/www.friaguinee.net\/index.php\/2021\/08\/02\/ismael-conde-en-prison-sa-femme-kadiatou-sow-supplie-alpha-conde-daccepeter-le-pardon-de-son-mari\/","title":{"rendered":"Isma\u00ebl  Cond\u00e9 en prison : sa femme Kadiatou Sow supplie Alpha Cond\u00e9 d&rsquo;accepeter le pardon de son mari"},"content":{"rendered":"\n<p>Kadiatou Sow \u00e9pouse d\u2019Ismael Cond\u00e9 1er vice-maire de la commune de Matam, cadre du parti d&rsquo;opposition UFDG qui croupit en prison depuis septembre 2020, a demand\u00e9 pardon&nbsp; \u00e0 Alpha Cond\u00e9 afin que son \u00e9poux recouvre sa libert\u00e9.&nbsp;<\/p>\n\n\n\n<p>Invit\u00e9e dans l\u2019\u00e9mission ON AIR POLITIQUE de Djoma TV de ce lundi 02 ao\u00fbt 2021, Kadiatou Sow a r\u00e9it\u00e9r\u00e9 sa demande au chef de l\u2019Etat afin de b\u00e9n\u00e9ficier de sa gr\u00e2ce.<\/p>\n\n\n\n<p>\u201c<strong><em>Aujourd\u2019hui mon mari est condamn\u00e9 \u00e0 3 ans et 4 mois de prison, il a d\u00e9j\u00e0 pass\u00e9 6 mois emprisonn\u00e9 c\u2019est comme si c\u2019\u00e9tait une \u00e9ternit\u00e9 pour nous. Tout compte fait je suis arriv\u00e9e \u00e0 Conakry il y a de cela deux semaines et malheureusement \u00e7a co\u00efncide avec le probl\u00e8me. Je r\u00e9it\u00e8re ma demande \u00e0 Monsieur le pr\u00e9sident de la r\u00e9publique qui est le p\u00e8re de la nation d\u2019accepter le pardon de mon mari car depuis le 08 juillet 2021, il a introduit une demande de gr\u00e2ce parce que notre situation n\u2019est pas facile<\/em><\/strong> \u201d a-t-elle sollicit\u00e9.<\/p>\n\n\n\n<p>Il faut rappeler que Isma\u00ebl Cond\u00e9 lui-m\u00eame apr\u00e8s avoir connu son sort le 08 juillet 2021, a demand\u00e9 pardon au pr\u00e9sident de la r\u00e9publique \u00e0 l\u2019image de Madic sans fronti\u00e8re et autres.<\/p>\n\n\n\n<p><strong>Mohamed pour friaguinee.net<\/strong><br><\/p>\n","protected":false},"excerpt":{"rendered":"<p>Kadiatou Sow \u00e9pouse d\u2019Ismael Cond\u00e9 1er vice-maire de la commune de Matam, cadre du parti d&rsquo;opposition UFDG qui croupit en prison depuis septembre 2020, a demand\u00e9 pardon&nbsp; \u00e0 Alpha Cond\u00e9 afin que son \u00e9poux recouvre sa libert\u00e9.&nbsp; Invit\u00e9e dans l\u2019\u00e9mission ON AIR POLITIQUE de Djoma TV de ce lundi 02 ao\u00fbt 2021, Kadiatou Sow a [&hellip;]<\/p>\n","protected":false},"author":3,"featured_media":36770,"comment_status":"open","ping_status":"open","sticky":false,"template":"","format":"standard","meta":{"footnotes":""},"categories":[2],"tags":[293,1347,3159,7719,7411],"class_list":["post-36767","post","type-post","status-publish","format-standard","has-post-thumbnail","hentry","category-actualites","tag-alpha-conde","tag-epouse","tag-ismael-conde","tag-kadiatou-sow","tag-pardon"],"_links":{"self":[{"href":"https:\/\/www.friaguinee.net\/index.php\/wp-json\/wp\/v2\/posts\/36767","targetHints":{"allow":["GET"]}}],"collection":[{"href":"https:\/\/www.friaguinee.net\/index.php\/wp-json\/wp\/v2\/posts"}],"about":[{"href":"https:\/\/www.friaguinee.net\/index.php\/wp-json\/wp\/v2\/types\/post"}],"author":[{"embeddable":true,"href":"https:\/\/www.friaguinee.net\/index.php\/wp-json\/wp\/v2\/users\/3"}],"replies":[{"embeddable":true,"href":"https:\/\/www.friaguinee.net\/index.php\/wp-json\/wp\/v2\/comments?post=36767"}],"version-history":[{"count":3,"href":"https:\/\/www.friaguinee.net\/index.php\/wp-json\/wp\/v2\/posts\/36767\/revisions"}],"predecessor-version":[{"id":36771,"href":"https:\/\/www.friaguinee.net\/index.php\/wp-json\/wp\/v2\/posts\/36767\/revisions\/36771"}],"wp:featuredmedia":[{"embeddable":true,"href":"https:\/\/www.friaguinee.net\/index.php\/wp-json\/wp\/v2\/media\/36770"}],"wp:attachment":[{"href":"https:\/\/www.friaguinee.net\/index.php\/wp-json\/wp\/v2\/media?parent=36767"}],"wp:term":[{"taxonomy":"category","embeddable":true,"href":"https:\/\/www.friaguinee.net\/index.php\/wp-json\/wp\/v2\/categories?post=36767"},{"taxonomy":"post_tag","embeddable":true,"href":"https:\/\/www.friaguinee.net\/index.php\/wp-json\/wp\/v2\/tags?post=36767"}],"curies":[{"name":"wp","href":"https:\/\/api.w.org\/{rel}","templated":true}]}}