{"id":36585,"date":"2021-07-30T08:26:21","date_gmt":"2021-07-30T08:26:21","guid":{"rendered":"http:\/\/www.friaguinee.net\/?p=36585"},"modified":"2021-07-30T08:26:23","modified_gmt":"2021-07-30T08:26:23","slug":"cote-divoire-simone-gbagbo-ne-sera-plus-poursuivie-la-cpi","status":"publish","type":"post","link":"https:\/\/www.friaguinee.net\/index.php\/2021\/07\/30\/cote-divoire-simone-gbagbo-ne-sera-plus-poursuivie-la-cpi\/","title":{"rendered":"C\u00f4te d\u2019Ivoire : Simone Gbagbo ne sera plus poursuivie la CPI"},"content":{"rendered":"\n<p>L\u2019ex-premi\u00e8re dame ivoirienne \u00e9tait r\u00e9clam\u00e9e par la Cour p\u00e9nale internationale pour quatre chefs de crimes contre l\u2019humanit\u00e9, \u00e0 savoir meurtre, viol, autres actes inhumains et pers\u00e9cution, commis pendant la crise post-\u00e9lectorale de 2010-2011.<\/p>\n\n\n\n<p>Le mandat d\u2019arr\u00eat de la Cour p\u00e9nale internationale (CPI) contre l\u2019ex-premi\u00e8re dame ivoirienne, Simone Gbagbo, accus\u00e9e notamment de crimes contre l\u2019humanit\u00e9 lors de la crise de 2010-2011 a \u00e9t\u00e9 lev\u00e9, selon une d\u00e9cision rendue publique, jeudi 29\u00a0juillet, et consult\u00e9e par l\u2019Agence France-Presse (AFP).<\/p>\n\n\n\n<p><em>\u00ab&nbsp;La Chambre consid\u00e8re qu\u2019il est appropri\u00e9 de d\u00e9cider que le mandat d\u2019arr\u00eat contre Simone Gbagbo cesse d\u2019\u00eatre effectif&nbsp;\u00bb<\/em>, a \u00e9crit la CPI dans une d\u00e9cision de sept&nbsp;pages, dat\u00e9e du 19&nbsp;juillet.<\/p>\n\n\n\n<p><em>\u00ab&nbsp;Bonne nouvelle pour M<sup>me<\/sup>Simone Gbagbo<\/em>(\u2026)<em>, elle pourra d\u00e9sormais librement voyager \u00e0 travers le monde entier&nbsp;\u00bb<\/em>, a r\u00e9agi son avocat Ange Rodrigue Dadj\u00e9, dans une d\u00e9claration transmise \u00e0 l\u2019AFP.<em>\u00ab&nbsp;Cette lev\u00e9e du mandat vient boucler d\u00e9finitivement les poursuites dont faisaient l\u2019objet les Gbagbo devant la CPI&nbsp;\u00bb<\/em>, a-t-il ajout\u00e9.<\/p>\n\n\n\n<h4 class=\"wp-block-heading\">Quatre chefs de crimes contre l\u2019humanit\u00e9<\/h4>\n\n\n\n<p>Simone Gbagbo \u00e9tait r\u00e9clam\u00e9e par la CPI pour quatre&nbsp;chefs de crimes contre l\u2019humanit\u00e9, \u00e0 savoir meurtre, viol, autres actes inhumains et pers\u00e9cution, commis pendant la crise post-\u00e9lectorale de 2010-2011. Cette crise, n\u00e9e du refus de Laurent Gbagbo de reconna\u00eetre sa d\u00e9faite \u00e0 la pr\u00e9sidentielle de 2010 face \u00e0 Alassane Ouattara, avait fait plus de 3&nbsp;000&nbsp;morts.<\/p>\n\n\n\n<p>En mars dernier, <a href=\"https:\/\/www.lemonde.fr\/afrique\/article\/2021\/04\/01\/la-cpi-acquitte-definitivement-laurent-gbagbo-ouvrant-la-voie-a-son-retour-en-cote-d-ivoire_6075235_3212.html\">La CPI avait d\u00e9finitivement acquitt\u00e9 Laurent Gbagbo<\/a>, \u00e9galement poursuivi pour crimes contre l\u2019humanit\u00e9 et il avait pu faire son retour en <a href=\"https:\/\/www.lemonde.fr\/cote-d-ivoire\/\">C\u00f4te d\u2019Ivoire<\/a> le 17\u00a0juin, apr\u00e8s dix\u00a0ans d\u2019absence.<\/p>\n\n\n\n<p>Contrairement \u00e0 son \u00e9poux, Simone Gbagbo n\u2019avait jamais \u00e9t\u00e9 livr\u00e9e \u00e0 la CPI. Elle avait en revanche \u00e9t\u00e9 condamn\u00e9e en mars\u00a02015 \u00e0 vingt\u00a0ans de prison \u00e0 Abidjan pour atteinte \u00e0 la s\u00fbret\u00e9 de l\u2019Etat.<a href=\"https:\/\/www.lemonde.fr\/afrique\/article\/2018\/08\/08\/cote-d-ivoire-simone-gbagbo-recouvre-la-liberte_5340499_3212.html\"> Elle avait finalement \u00e9t\u00e9 lib\u00e9r\u00e9e<\/a> le 8\u00a0ao\u00fbt\u00a02018, apr\u00e8s <a href=\"https:\/\/www.lemonde.fr\/afrique\/article\/2018\/08\/06\/cote-d-ivoire-le-president-ouattara-annonce-l-amnistie-de-simone-gbagbo_5339940_3212.html\">une amnistie d\u00e9cr\u00e9t\u00e9e par le pr\u00e9sident Alassane Ouattara<\/a> afin de favoriser la r\u00e9conciliation nationale.<\/p>\n\n\n\n<p><strong>Le Monde<\/strong><\/p>\n\n\n\n<p><ins><br> <\/ins><\/p>\n","protected":false},"excerpt":{"rendered":"<p>L\u2019ex-premi\u00e8re dame ivoirienne \u00e9tait r\u00e9clam\u00e9e par la Cour p\u00e9nale internationale pour quatre chefs de crimes contre l\u2019humanit\u00e9, \u00e0 savoir meurtre, viol, autres actes inhumains et pers\u00e9cution, commis pendant la crise post-\u00e9lectorale de 2010-2011. Le mandat d\u2019arr\u00eat de la Cour p\u00e9nale internationale (CPI) contre l\u2019ex-premi\u00e8re dame ivoirienne, Simone Gbagbo, accus\u00e9e notamment de crimes contre l\u2019humanit\u00e9 lors [&hellip;]<\/p>\n","protected":false},"author":3,"featured_media":36586,"comment_status":"open","ping_status":"open","sticky":false,"template":"","format":"standard","meta":{"footnotes":""},"categories":[1],"tags":[3143,7682],"class_list":["post-36585","post","type-post","status-publish","format-standard","has-post-thumbnail","hentry","category-non-classe","tag-cpi","tag-simone-gbagbo"],"_links":{"self":[{"href":"https:\/\/www.friaguinee.net\/index.php\/wp-json\/wp\/v2\/posts\/36585","targetHints":{"allow":["GET"]}}],"collection":[{"href":"https:\/\/www.friaguinee.net\/index.php\/wp-json\/wp\/v2\/posts"}],"about":[{"href":"https:\/\/www.friaguinee.net\/index.php\/wp-json\/wp\/v2\/types\/post"}],"author":[{"embeddable":true,"href":"https:\/\/www.friaguinee.net\/index.php\/wp-json\/wp\/v2\/users\/3"}],"replies":[{"embeddable":true,"href":"https:\/\/www.friaguinee.net\/index.php\/wp-json\/wp\/v2\/comments?post=36585"}],"version-history":[{"count":1,"href":"https:\/\/www.friaguinee.net\/index.php\/wp-json\/wp\/v2\/posts\/36585\/revisions"}],"predecessor-version":[{"id":36587,"href":"https:\/\/www.friaguinee.net\/index.php\/wp-json\/wp\/v2\/posts\/36585\/revisions\/36587"}],"wp:featuredmedia":[{"embeddable":true,"href":"https:\/\/www.friaguinee.net\/index.php\/wp-json\/wp\/v2\/media\/36586"}],"wp:attachment":[{"href":"https:\/\/www.friaguinee.net\/index.php\/wp-json\/wp\/v2\/media?parent=36585"}],"wp:term":[{"taxonomy":"category","embeddable":true,"href":"https:\/\/www.friaguinee.net\/index.php\/wp-json\/wp\/v2\/categories?post=36585"},{"taxonomy":"post_tag","embeddable":true,"href":"https:\/\/www.friaguinee.net\/index.php\/wp-json\/wp\/v2\/tags?post=36585"}],"curies":[{"name":"wp","href":"https:\/\/api.w.org\/{rel}","templated":true}]}}