{"id":36541,"date":"2021-07-29T18:56:56","date_gmt":"2021-07-29T18:56:56","guid":{"rendered":"http:\/\/www.friaguinee.net\/?p=36541"},"modified":"2021-07-29T18:56:57","modified_gmt":"2021-07-29T18:56:57","slug":"subvention-allouee-aux-medias-le-president-de-la-hac-invite-les-patrons-a-penser-a-leurs-travailleurs","status":"publish","type":"post","link":"https:\/\/www.friaguinee.net\/index.php\/2021\/07\/29\/subvention-allouee-aux-medias-le-president-de-la-hac-invite-les-patrons-a-penser-a-leurs-travailleurs\/","title":{"rendered":"Subvention allou\u00e9e aux m\u00e9dias : le pr\u00e9sident de la HAC invite les patrons \u00e0 penser \u00e0 leurs travailleurs"},"content":{"rendered":"\n<p>Le Pr\u00e9sident de la Haute Autorit\u00e9 de la Communication a \u00e9chang\u00e9 ce jeudi avec les responsables des associations de presse et les responsables des m\u00e9dias concern\u00e9s par la subvention exercice 2021, octroy\u00e9e par l&rsquo;\u00c9tat.<\/p>\n\n\n\n<figure class=\"wp-block-image\"><img loading=\"lazy\" decoding=\"async\" width=\"720\" height=\"540\" src=\"http:\/\/www.friaguinee.net\/wp-content\/uploads\/2021\/07\/FB_IMG_1627563256618.jpg\" alt=\"\" class=\"wp-image-36555\" srcset=\"https:\/\/www.friaguinee.net\/wp-content\/uploads\/2021\/07\/FB_IMG_1627563256618.jpg 720w, https:\/\/www.friaguinee.net\/wp-content\/uploads\/2021\/07\/FB_IMG_1627563256618-300x225.jpg 300w, https:\/\/www.friaguinee.net\/wp-content\/uploads\/2021\/07\/FB_IMG_1627563256618-80x60.jpg 80w, https:\/\/www.friaguinee.net\/wp-content\/uploads\/2021\/07\/FB_IMG_1627563256618-265x198.jpg 265w, https:\/\/www.friaguinee.net\/wp-content\/uploads\/2021\/07\/FB_IMG_1627563256618-696x522.jpg 696w, https:\/\/www.friaguinee.net\/wp-content\/uploads\/2021\/07\/FB_IMG_1627563256618-560x420.jpg 560w\" sizes=\"auto, (max-width: 720px) 100vw, 720px\" \/><\/figure>\n\n\n\n<p>Ayant pour principal objectif, la r\u00e9partition de la subvention exercice 2021, le pr\u00e9sident de l&rsquo;institution de r\u00e9gulation des m\u00e9dias, en pr\u00e9sence de ses coll\u00e8gues commissaires, a tout d&rsquo;abord remerci\u00e9 ceux qui ont brav\u00e9 les intemp\u00e9ries pour r\u00e9pondre \u00e0 l&rsquo;appel avant de leur r\u00e9v\u00e9ler que la subvention est disponible dans le compte de la HAC contrairement aux ann\u00e9es pr\u00e9c\u00e9dentes. <\/p>\n\n\n\n<p>\u300a <strong><em>La Haute Autorit\u00e9 de la Communication a d\u00e9cid\u00e9 de vous rencontrez \u00e0 l&rsquo;effet d&rsquo;\u00e9changer un tout-petit peu sur la subvention exercice 2021. Comme vous le savez depuis longtemps d\u00e9j\u00e0 la subvention est vers\u00e9e par l&rsquo;\u00c9tat aux m\u00e9dias. Il y a eu une particularit\u00e9 cette ann\u00e9e et c&rsquo;est une chance pour la presse et je voudrais remercier Monsieur le pr\u00e9sident de la r\u00e9publique, le ministre de l&rsquo;\u00e9conomie et des finances, le ministre du Budget qui ont bien voulu pour la premi\u00e8re fois exceptionnellement mettre la subvention \u00e0 la disposition de la HAC. Comme vous le savez par le pass\u00e9 les ch\u00e8ques \u00e9taient \u00e9mis concurremment par le tr\u00e9sor et le pr\u00e9sident de la HAC et cette fois ci l&rsquo;argent a \u00e9t\u00e9 directement vir\u00e9 dans le compte de la HAC et \u013aes ch\u00e8ques sont \u00e9mis ici m\u00eame.  Ce qui rend les op\u00e9rations plus simples et les d\u00e9lais de retrait de ch\u00e8que plus court que d&rsquo;habitude, qu&rsquo;il en soit remerci\u00e9 pour cette confiance plac\u00e9e en la HAC. Je voudrais aussi remercier les pr\u00e9sidents des associations de presse qui sans rel\u00e2che nous ont accompagn\u00e9 dans cette op\u00e9ration de r\u00e9partition de la subvention<\/em><\/strong> \u300ba pr\u00e9cis\u00e9 Boubacar Yacine Diallo. <\/p>\n\n\n\n<figure class=\"wp-block-image\"><img loading=\"lazy\" decoding=\"async\" width=\"720\" height=\"524\" src=\"http:\/\/www.friaguinee.net\/wp-content\/uploads\/2021\/07\/FB_IMG_1627563254179.jpg\" alt=\"\" class=\"wp-image-36556\" srcset=\"https:\/\/www.friaguinee.net\/wp-content\/uploads\/2021\/07\/FB_IMG_1627563254179.jpg 720w, https:\/\/www.friaguinee.net\/wp-content\/uploads\/2021\/07\/FB_IMG_1627563254179-300x218.jpg 300w, https:\/\/www.friaguinee.net\/wp-content\/uploads\/2021\/07\/FB_IMG_1627563254179-324x235.jpg 324w, https:\/\/www.friaguinee.net\/wp-content\/uploads\/2021\/07\/FB_IMG_1627563254179-696x507.jpg 696w, https:\/\/www.friaguinee.net\/wp-content\/uploads\/2021\/07\/FB_IMG_1627563254179-577x420.jpg 577w\" sizes=\"auto, (max-width: 720px) 100vw, 720px\" \/><\/figure>\n\n\n\n<p>Le Pr\u00e9sident de la HAC a mis l&rsquo;occasion \u00e0 profit pour exhorter les patrons de m\u00e9dias \u00e0 faire b\u00e9n\u00e9ficier \u00e0 leurs journalistes, des retomb\u00e9s de cette subvention dans le but d&rsquo;am\u00e9liorer leur condition de travail et de vie.<\/p>\n\n\n\n<p>\u300a<strong><em>Je voudrais en plus solliciter les patrons de presse et pour moi l&rsquo;occasion est bonne de veiller aussi aux travailleurs parce que cette subvention est un appoint contrairement \u00e0  ce que beaucoup pensent elle ne vient pas remplacer les recettes que les m\u00e9dias doivent pouvoir cumuler.  Les m\u00e9dias doivent vivre de leurs recettes publicitaires, promotionnelles et tout ce que vous savez. La subvention n&rsquo;est qu&rsquo;un appoint mais souvent on a l&rsquo;impression que pour certains organes s&rsquo;il n&rsquo;y a pas de subvention ils disparaissent tout simplement et ce n&rsquo;est pas la bonne pratique. Je souhaite donc que les patrons de presse se soucient de l&rsquo;am\u00e9lioration des conditions de travail et de vie des journalistes toutes les fois qu&rsquo;ils b\u00e9n\u00e9ficient de la subvention parce que un organe fonctionne c&rsquo;est s&rsquo;il y a des journalistes et des techniciens sinon l&rsquo;organe se r\u00e9sumerait \u00e0 son propri\u00e9taire et il dispara\u00eetrait<\/em><\/strong>\u300ba-t-il sugg\u00e9r\u00e9.<\/p>\n\n\n\n<figure class=\"wp-block-image\"><img loading=\"lazy\" decoding=\"async\" width=\"720\" height=\"491\" src=\"http:\/\/www.friaguinee.net\/wp-content\/uploads\/2021\/07\/FB_IMG_1627563245851.jpg\" alt=\"\" class=\"wp-image-36557\" srcset=\"https:\/\/www.friaguinee.net\/wp-content\/uploads\/2021\/07\/FB_IMG_1627563245851.jpg 720w, https:\/\/www.friaguinee.net\/wp-content\/uploads\/2021\/07\/FB_IMG_1627563245851-300x205.jpg 300w, https:\/\/www.friaguinee.net\/wp-content\/uploads\/2021\/07\/FB_IMG_1627563245851-218x150.jpg 218w, https:\/\/www.friaguinee.net\/wp-content\/uploads\/2021\/07\/FB_IMG_1627563245851-696x475.jpg 696w, https:\/\/www.friaguinee.net\/wp-content\/uploads\/2021\/07\/FB_IMG_1627563245851-616x420.jpg 616w\" sizes=\"auto, (max-width: 720px) 100vw, 720px\" \/><\/figure>\n\n\n\n<p>Boubacar Yacine Diallo n&rsquo;a pas manqu\u00e9 de d\u00e9noncer certains maux qui minent les m\u00e9dias guin\u00e9ens. Il a d\u00e9nonc\u00e9 et d\u00e9plor\u00e9 le fait que des employ\u00e9s deviennent des employ\u00e9s sur le dos de leurs patrons dans le seul but de b\u00e9n\u00e9ficier de la subvention. Il a invit\u00e9 les associations de presse \u00e0  se pencher sur cette probl\u00e9matique. <\/p>\n\n\n\n<figure class=\"wp-block-image\"><img loading=\"lazy\" decoding=\"async\" width=\"720\" height=\"960\" src=\"http:\/\/www.friaguinee.net\/wp-content\/uploads\/2021\/07\/FB_IMG_1627563262145.jpg\" alt=\"\" class=\"wp-image-36559\" srcset=\"https:\/\/www.friaguinee.net\/wp-content\/uploads\/2021\/07\/FB_IMG_1627563262145.jpg 720w, https:\/\/www.friaguinee.net\/wp-content\/uploads\/2021\/07\/FB_IMG_1627563262145-225x300.jpg 225w, https:\/\/www.friaguinee.net\/wp-content\/uploads\/2021\/07\/FB_IMG_1627563262145-696x928.jpg 696w, https:\/\/www.friaguinee.net\/wp-content\/uploads\/2021\/07\/FB_IMG_1627563262145-315x420.jpg 315w\" sizes=\"auto, (max-width: 720px) 100vw, 720px\" \/><figcaption>Amadou Tham Camara <\/figcaption><\/figure>\n\n\n\n<p>Prenant la parole au nom de ses pairs, Amadou Tham Camara a remerci\u00e9 la HAC pour avoir donn\u00e9 l&rsquo;enti\u00e8re latitude aux associations de presse pour la r\u00e9partition de la subvention. Il a aussi reconnu qu&rsquo;il y a eu des failles que ses coll\u00e8gues et lui comptent corriger le plus t\u00f4t possible. <\/p>\n\n\n\n<p>\u300a<strong><em>Comme toute \u0153uvre humaine je vous l&rsquo;avais dit c&rsquo;est une r\u00e9paration qui n&rsquo;est pas perfectible \u00e0 l&rsquo;infini nous en sommes conscients et nous avons fait tr\u00e8s bonne mention, nous avons pris tr\u00e8s bonne note de toutes les remarques pertinentes que vous avez eu \u00e0 faire et comme nous vous l&rsquo;avions promis dans une rencontre pr\u00e9c\u00e9dente il est pr\u00e9vu d\u00e8s la fin de la r\u00e9partition de cette subvention que les associations des m\u00e9dias se  rencontrent pour qu&rsquo;on harmonise les crit\u00e8res et qu&rsquo;on les r\u00e9ajuste. Ceci de notre point de vue ne serait que justice pour tout le monde (&#8230;) Il y a des remarques pertinentes qui ont \u00e9t\u00e9 faites, ce n&rsquo;est pas seulement la subvention qui va r\u00e9gler ces probl\u00e8mes, notre analyse de la situation est que pour les journalistes qui sont \u00e0 la fois employeurs et employ\u00e9s, je pense que c&rsquo;est la convention collective qui va permettre de r\u00e9gler cette question parce que cette convention est un accord entre employeurs et employ\u00e9s sous la supervision de l&rsquo;\u00c9tat et donc ceux qui doivent faire partir de ceux l\u00e0 il faudrait qu&rsquo;ils choisissent un statut<\/em><\/strong>\u300ba d\u00e9clar\u00e9 le Pr\u00e9sident de l&rsquo;AGUIPEL.<\/p>\n\n\n\n<figure class=\"wp-block-image\"><img loading=\"lazy\" decoding=\"async\" width=\"720\" height=\"512\" src=\"http:\/\/www.friaguinee.net\/wp-content\/uploads\/2021\/07\/FB_IMG_1627563267637.jpg\" alt=\"\" class=\"wp-image-36558\" srcset=\"https:\/\/www.friaguinee.net\/wp-content\/uploads\/2021\/07\/FB_IMG_1627563267637.jpg 720w, https:\/\/www.friaguinee.net\/wp-content\/uploads\/2021\/07\/FB_IMG_1627563267637-300x213.jpg 300w, https:\/\/www.friaguinee.net\/wp-content\/uploads\/2021\/07\/FB_IMG_1627563267637-100x70.jpg 100w, https:\/\/www.friaguinee.net\/wp-content\/uploads\/2021\/07\/FB_IMG_1627563267637-696x495.jpg 696w, https:\/\/www.friaguinee.net\/wp-content\/uploads\/2021\/07\/FB_IMG_1627563267637-591x420.jpg 591w\" sizes=\"auto, (max-width: 720px) 100vw, 720px\" \/><\/figure>\n\n\n\n<p>Les ch\u00e8ques sont disponibles \u00e0 la HAC et peuvent \u00eatre retir\u00e9s par les porteurs. C&rsquo;est d&rsquo;ailleurs le responsable de la maison de la presse, Hassane Kaba qui a eu l&rsquo;honneur de recevoir en premier le sien des mains du doyen de la HAC, Commissaire Fod\u00e9 Bouya Fofana. <\/p>\n\n\n\n<p><strong>Mohamed pour friaguinee.net <\/strong><\/p>\n","protected":false},"excerpt":{"rendered":"<p>Le Pr\u00e9sident de la Haute Autorit\u00e9 de la Communication a \u00e9chang\u00e9 ce jeudi avec les responsables des associations de presse et les responsables des m\u00e9dias concern\u00e9s par la subvention exercice 2021, octroy\u00e9e par l&rsquo;\u00c9tat. Ayant pour principal objectif, la r\u00e9partition de la subvention exercice 2021, le pr\u00e9sident de l&rsquo;institution de r\u00e9gulation des m\u00e9dias, en pr\u00e9sence [&hellip;]<\/p>\n","protected":false},"author":2,"featured_media":36561,"comment_status":"open","ping_status":"open","sticky":false,"template":"","format":"standard","meta":{"footnotes":""},"categories":[3990],"tags":[4917,7677,50,148,1161,641,7678,6382,3144],"class_list":["post-36541","post","type-post","status-publish","format-standard","has-post-thumbnail","hentry","category-medias","tag-agepi","tag-aguipel","tag-conakry","tag-guinee","tag-hac","tag-medias","tag-remigui","tag-subvention","tag-urtelgui"],"_links":{"self":[{"href":"https:\/\/www.friaguinee.net\/index.php\/wp-json\/wp\/v2\/posts\/36541","targetHints":{"allow":["GET"]}}],"collection":[{"href":"https:\/\/www.friaguinee.net\/index.php\/wp-json\/wp\/v2\/posts"}],"about":[{"href":"https:\/\/www.friaguinee.net\/index.php\/wp-json\/wp\/v2\/types\/post"}],"author":[{"embeddable":true,"href":"https:\/\/www.friaguinee.net\/index.php\/wp-json\/wp\/v2\/users\/2"}],"replies":[{"embeddable":true,"href":"https:\/\/www.friaguinee.net\/index.php\/wp-json\/wp\/v2\/comments?post=36541"}],"version-history":[{"count":6,"href":"https:\/\/www.friaguinee.net\/index.php\/wp-json\/wp\/v2\/posts\/36541\/revisions"}],"predecessor-version":[{"id":36562,"href":"https:\/\/www.friaguinee.net\/index.php\/wp-json\/wp\/v2\/posts\/36541\/revisions\/36562"}],"wp:featuredmedia":[{"embeddable":true,"href":"https:\/\/www.friaguinee.net\/index.php\/wp-json\/wp\/v2\/media\/36561"}],"wp:attachment":[{"href":"https:\/\/www.friaguinee.net\/index.php\/wp-json\/wp\/v2\/media?parent=36541"}],"wp:term":[{"taxonomy":"category","embeddable":true,"href":"https:\/\/www.friaguinee.net\/index.php\/wp-json\/wp\/v2\/categories?post=36541"},{"taxonomy":"post_tag","embeddable":true,"href":"https:\/\/www.friaguinee.net\/index.php\/wp-json\/wp\/v2\/tags?post=36541"}],"curies":[{"name":"wp","href":"https:\/\/api.w.org\/{rel}","templated":true}]}}