{"id":36497,"date":"2021-07-29T08:11:22","date_gmt":"2021-07-29T08:11:22","guid":{"rendered":"http:\/\/www.friaguinee.net\/?p=36497"},"modified":"2021-07-29T08:11:23","modified_gmt":"2021-07-29T08:11:23","slug":"guinee-la-direction-nationale-du-controle-des-marches-publics-rattachee-a-la-presidence","status":"publish","type":"post","link":"https:\/\/www.friaguinee.net\/index.php\/2021\/07\/29\/guinee-la-direction-nationale-du-controle-des-marches-publics-rattachee-a-la-presidence\/","title":{"rendered":"Guin\u00e9e : la direction nationale du contr\u00f4le des march\u00e9s publics rattach\u00e9e \u00e0 la Pr\u00e9sidence"},"content":{"rendered":"\n<p>Relevant jusque l\u00e0 du  minist\u00e8re de l\u2019\u00e9conomie et des finances, la  direction nationale du contr\u00f4le des march\u00e9s publics est d\u00e9sormais rattach\u00e9e \u00e0 la pr\u00e9sidence de la R\u00e9publique.<\/p>\n\n\n\n<p>L&rsquo;annonce a \u00e9t\u00e9 faite ce mercredi soir \u00e0 travers un d\u00e9cret lu \u00e0 la t\u00e9l\u00e9vision nationale.<\/p>\n\n\n\n<p>Dans ce d\u00e9cret, il est pr\u00e9cis\u00e9 que le premier ministre, chef du gouvernement, le ministre d\u2019\u00c9tat secr\u00e9taire g\u00e9n\u00e9ral de la pr\u00e9sidence, la ministre \u00e0 la pr\u00e9sidence charg\u00e9e du suivi des march\u00e9s publics et le ministre de l\u2019\u00e9conomie et des finances, sont charg\u00e9s, chacun en ce qui le concerne de l\u2019application du pr\u00e9sent d\u00e9cret.<\/p>\n\n\n\n<p><strong>Fatoumata pour friaguinee.net<\/strong><\/p>\n","protected":false},"excerpt":{"rendered":"<p>Relevant jusque l\u00e0 du minist\u00e8re de l\u2019\u00e9conomie et des finances, la direction nationale du contr\u00f4le des march\u00e9s publics est d\u00e9sormais rattach\u00e9e \u00e0 la pr\u00e9sidence de la R\u00e9publique. L&rsquo;annonce a \u00e9t\u00e9 faite ce mercredi soir \u00e0 travers un d\u00e9cret lu \u00e0 la t\u00e9l\u00e9vision nationale. Dans ce d\u00e9cret, il est pr\u00e9cis\u00e9 que le premier ministre, chef du [&hellip;]<\/p>\n","protected":false},"author":2,"featured_media":3459,"comment_status":"open","ping_status":"open","sticky":false,"template":"","format":"standard","meta":{"footnotes":""},"categories":[1],"tags":[50,1649,7665,148,7664],"class_list":["post-36497","post","type-post","status-publish","format-standard","has-post-thumbnail","hentry","category-non-classe","tag-conakry","tag-decret","tag-direction-nationale-des-marches-publics","tag-guinee","tag-presidence-de-la-republique"],"_links":{"self":[{"href":"https:\/\/www.friaguinee.net\/index.php\/wp-json\/wp\/v2\/posts\/36497","targetHints":{"allow":["GET"]}}],"collection":[{"href":"https:\/\/www.friaguinee.net\/index.php\/wp-json\/wp\/v2\/posts"}],"about":[{"href":"https:\/\/www.friaguinee.net\/index.php\/wp-json\/wp\/v2\/types\/post"}],"author":[{"embeddable":true,"href":"https:\/\/www.friaguinee.net\/index.php\/wp-json\/wp\/v2\/users\/2"}],"replies":[{"embeddable":true,"href":"https:\/\/www.friaguinee.net\/index.php\/wp-json\/wp\/v2\/comments?post=36497"}],"version-history":[{"count":1,"href":"https:\/\/www.friaguinee.net\/index.php\/wp-json\/wp\/v2\/posts\/36497\/revisions"}],"predecessor-version":[{"id":36499,"href":"https:\/\/www.friaguinee.net\/index.php\/wp-json\/wp\/v2\/posts\/36497\/revisions\/36499"}],"wp:featuredmedia":[{"embeddable":true,"href":"https:\/\/www.friaguinee.net\/index.php\/wp-json\/wp\/v2\/media\/3459"}],"wp:attachment":[{"href":"https:\/\/www.friaguinee.net\/index.php\/wp-json\/wp\/v2\/media?parent=36497"}],"wp:term":[{"taxonomy":"category","embeddable":true,"href":"https:\/\/www.friaguinee.net\/index.php\/wp-json\/wp\/v2\/categories?post=36497"},{"taxonomy":"post_tag","embeddable":true,"href":"https:\/\/www.friaguinee.net\/index.php\/wp-json\/wp\/v2\/tags?post=36497"}],"curies":[{"name":"wp","href":"https:\/\/api.w.org\/{rel}","templated":true}]}}