{"id":36399,"date":"2021-07-26T16:06:56","date_gmt":"2021-07-26T16:06:56","guid":{"rendered":"http:\/\/www.friaguinee.net\/?p=36399"},"modified":"2021-07-26T16:30:11","modified_gmt":"2021-07-26T16:30:11","slug":"hac-lambassadeur-de-lespagne-en-guinee-christian-font-calderon-recu-par-boubacar-yacine-diallo","status":"publish","type":"post","link":"https:\/\/www.friaguinee.net\/index.php\/2021\/07\/26\/hac-lambassadeur-de-lespagne-en-guinee-christian-font-calderon-recu-par-boubacar-yacine-diallo\/","title":{"rendered":"HAC : L\u2019Ambassadeur de l\u2019Espagne en Guin\u00e9e Christian Font Calder\u00f3n re\u00e7u par Boubacar Yacine Diallo"},"content":{"rendered":"\n<p>Le palais du 25 ao\u00fbt qui abrite la Haute Autorit\u00e9 de la\nCommunication(HAC) a servi de cadre pour Boubacar Yacine Diallo pr\u00e9sident de l\u2019institution\net ses coll\u00e8gues commissaires de &nbsp;recevoir\nce lundi 26 juillet 2021, son Excellence Christian Font Calder\u00f3n ambassadeur de\nl\u2019Espagne en Guin\u00e9e et en Sierra Leone. <\/p>\n\n\n\n<p>Cette visite surprise de l\u2019ambassadeur, s\u2019inscrit dans le cadre\nd\u2019une collaboration entre les deux institutions s\u0153urs dans le domaine de la\ncommunication <\/p>\n\n\n\n<p>A sa prise de parole pour souhaiter une cordiale bienvenue \u00e0 son\nh\u00f4te, le pr\u00e9sident de la HAC a saisi cette occasion pour expliquer le\nfonctionnement de son institution.<\/p>\n\n\n\n<div class=\"wp-block-image\"><figure class=\"aligncenter is-resized\"><img loading=\"lazy\" decoding=\"async\" src=\"http:\/\/www.friaguinee.net\/wp-content\/uploads\/2021\/07\/20210726_152339.jpg\" alt=\"\" class=\"wp-image-36402\" width=\"500\" height=\"684\" srcset=\"https:\/\/www.friaguinee.net\/wp-content\/uploads\/2021\/07\/20210726_152339.jpg 272w, https:\/\/www.friaguinee.net\/wp-content\/uploads\/2021\/07\/20210726_152339-219x300.jpg 219w\" sizes=\"auto, (max-width: 500px) 100vw, 500px\" \/><figcaption><strong>Boubacar Yacine Diallo <\/strong><br>Pr\u00e9sident de la HAC<\/figcaption><\/figure><\/div>\n\n\n\n<p><em><strong>\n\n\n\n\u00ab C\u2019est avec un grand plaisir que nous l\u2019avons accueilli avec la plupart des\ncommissaires. Nous lui avons expliqu\u00e9 les attributions de la HAC, le travail\nqui a d\u00e9j\u00e0 \u00e9t\u00e9 fait et nous avons attir\u00e9 son attention sur le fait que le service\nmonitoring qui \u00e9tait l\u00e0, pour pouvoir r\u00e9guler le monitoring des m\u00e9dias toutes\ncat\u00e9gories confondues et que le mat\u00e9riel qui est l\u00e0 devient de plus en plus\nvieillissant et qu\u2019on a besoin d\u2019appui pour renouveler ces \u00e9quipements et les\nmoderniser. Ensuite, nous avons \u00e9voqu\u00e9 les besoins de formation des\njournalistes et techniciens. C\u2019est une pr\u00e9occupation de la Haute Autorit\u00e9 de la\nCommunication parce qu\u2019il n\u2019y a pas de m\u00e9dia de qualit\u00e9 s\u2019il n\u2019y a pas de\njournaliste de qualit\u00e9. Nous estimons que notre appel est tomb\u00e9 dans de bonnes\noreilles. Et l\u2019ambassadeur a \u00e9t\u00e9 tr\u00e8s attentif et que son pays fera ce qu\u2019il\npeut. Au-del\u00e0, nous lui avons donn\u00e9 mandat de parler en notre nom \u00e0 tous les\npartenaires qu\u2019il pourrait rencontrer pour les amener \u00e0 la vie et aux pr\u00e9occupations\nde la HAC \u00bb<\/strong><\/em><em>,&nbsp;<\/em>a-t-il d\u00e9clar\u00e9.<\/p>\n\n\n\n<p>Tr\u00e8s satisfait du r\u00f4le que joue la Haute Autorit\u00e9 de la\nCommunication(HAC) dans la r\u00e9gulation des m\u00e9dias en Guin\u00e9e, son Excellence Calder\u00f3n\nChristian Font a souhait\u00e9 d\u00e9velopper les relations entre l\u2019Espagne et la Guin\u00e9e\ndans le domaine de la communication<\/p>\n\n\n\n<figure class=\"wp-block-image is-resized\"><img loading=\"lazy\" decoding=\"async\" src=\"http:\/\/www.friaguinee.net\/wp-content\/uploads\/2021\/07\/20210726_152254.jpg\" alt=\"\" class=\"wp-image-36403\" width=\"586\" height=\"624\" srcset=\"https:\/\/www.friaguinee.net\/wp-content\/uploads\/2021\/07\/20210726_152254.jpg 346w, https:\/\/www.friaguinee.net\/wp-content\/uploads\/2021\/07\/20210726_152254-281x300.jpg 281w\" sizes=\"auto, (max-width: 586px) 100vw, 586px\" \/><figcaption><strong>Son Excellence Christian Front  Calder\u00f3n <\/strong><br>Ambassadeur de l&rsquo;Espagne en Guin\u00e9e et en Sierra Leone<\/figcaption><\/figure>\n\n\n\n<p><em><strong>\u00ab&nbsp; \u00c7a a \u00e9t\u00e9 tr\u00e8s int\u00e9ressant pour moi de conna\u00eetre le travail de la HAC qui est une institution importante. Tr\u00e8s importante comme j\u2019ai pu le t\u00e9moigner aujourd\u2019hui en Guin\u00e9e et qui travaille dans un domaine comme la communication et la communication qui est basique et fondamentale dans nos soci\u00e9t\u00e9s aujourd\u2019hui. Ce que la HAC fait, c\u2019est tr\u00e8s important pour moi dans ce domaine basique et fondamental. La communication est aujourd\u2019hui une partie essentielle de notre vie et le droit \u00e0 l\u2019information et la libert\u00e9 \u00e0 l\u2019information sont des droits tr\u00e8s importants dans notre soci\u00e9t\u00e9. Et il est tr\u00e8s important de savoir ce que la Haute Autorit\u00e9 de la Communication fait en Guin\u00e9e et conna\u00eetre aussi les r\u00e9seaux audiovisuels, la presse, la radio et les diff\u00e9rents moyens de communication de la Guin\u00e9e parce que c\u2019est tr\u00e8s important. De l\u2019autre c\u00f4t\u00e9, on peut chercher des domaines o\u00f9 les relations entre l\u2019Espagne et la Guin\u00e9e pourraient se d\u00e9velopper dans le domaine de la communication&nbsp;<\/strong><\/em><strong>\u00bb<\/strong>, a souhait\u00e9 l&rsquo;ambassadeur.<\/p>\n\n\n\n<p>la visite de l&rsquo;ambassadeur s&rsquo;est termin\u00e9e par une photo de famille avec tous les commissaires pr\u00e9sents apr\u00e8s la visite des installations du monitoring.<\/p>\n\n\n\n<p><strong>Mohamed pour friaguinee.net<\/strong><\/p>\n","protected":false},"excerpt":{"rendered":"<p>Le palais du 25 ao\u00fbt qui abrite la Haute Autorit\u00e9 de la Communication(HAC) a servi de cadre pour Boubacar Yacine Diallo pr\u00e9sident de l\u2019institution et ses coll\u00e8gues commissaires de &nbsp;recevoir ce lundi 26 juillet 2021, son Excellence Christian Font Calder\u00f3n ambassadeur de l\u2019Espagne en Guin\u00e9e et en Sierra Leone. Cette visite surprise de l\u2019ambassadeur, s\u2019inscrit [&hellip;]<\/p>\n","protected":false},"author":3,"featured_media":36401,"comment_status":"open","ping_status":"open","sticky":false,"template":"","format":"standard","meta":{"footnotes":""},"categories":[2390],"tags":[],"class_list":["post-36399","post","type-post","status-publish","format-standard","has-post-thumbnail","hentry","category-communication"],"_links":{"self":[{"href":"https:\/\/www.friaguinee.net\/index.php\/wp-json\/wp\/v2\/posts\/36399","targetHints":{"allow":["GET"]}}],"collection":[{"href":"https:\/\/www.friaguinee.net\/index.php\/wp-json\/wp\/v2\/posts"}],"about":[{"href":"https:\/\/www.friaguinee.net\/index.php\/wp-json\/wp\/v2\/types\/post"}],"author":[{"embeddable":true,"href":"https:\/\/www.friaguinee.net\/index.php\/wp-json\/wp\/v2\/users\/3"}],"replies":[{"embeddable":true,"href":"https:\/\/www.friaguinee.net\/index.php\/wp-json\/wp\/v2\/comments?post=36399"}],"version-history":[{"count":3,"href":"https:\/\/www.friaguinee.net\/index.php\/wp-json\/wp\/v2\/posts\/36399\/revisions"}],"predecessor-version":[{"id":36407,"href":"https:\/\/www.friaguinee.net\/index.php\/wp-json\/wp\/v2\/posts\/36399\/revisions\/36407"}],"wp:featuredmedia":[{"embeddable":true,"href":"https:\/\/www.friaguinee.net\/index.php\/wp-json\/wp\/v2\/media\/36401"}],"wp:attachment":[{"href":"https:\/\/www.friaguinee.net\/index.php\/wp-json\/wp\/v2\/media?parent=36399"}],"wp:term":[{"taxonomy":"category","embeddable":true,"href":"https:\/\/www.friaguinee.net\/index.php\/wp-json\/wp\/v2\/categories?post=36399"},{"taxonomy":"post_tag","embeddable":true,"href":"https:\/\/www.friaguinee.net\/index.php\/wp-json\/wp\/v2\/tags?post=36399"}],"curies":[{"name":"wp","href":"https:\/\/api.w.org\/{rel}","templated":true}]}}