{"id":35869,"date":"2021-07-08T08:46:13","date_gmt":"2021-07-08T08:46:13","guid":{"rendered":"http:\/\/www.friaguinee.net\/?p=35869"},"modified":"2021-07-08T08:46:15","modified_gmt":"2021-07-08T08:46:15","slug":"assassinat-du-president-haitien-jovenel-moise-quatre-mercenaires-tues-deux-autres-arretes","status":"publish","type":"post","link":"https:\/\/www.friaguinee.net\/index.php\/2021\/07\/08\/assassinat-du-president-haitien-jovenel-moise-quatre-mercenaires-tues-deux-autres-arretes\/","title":{"rendered":"Assassinat du pr\u00e9sident ha\u00eftien Jovenel Mo\u00efse  : Quatre mercenaires tu\u00e9s, deux autres arr\u00eat\u00e9s !"},"content":{"rendered":"\n<p>Le pr\u00e9sident ha\u00eftien Jovenel Mo\u00efse a \u00e9t\u00e9 assassin\u00e9 t\u00f4t ce mercredi matin \u00e0 son domicile. Le pr\u00e9sident venait de nommer un nouveau Premier ministre, qui devait organiser des \u00e9lections demand\u00e9es par le Conseil de s\u00e9curit\u00e9 de l\u2019ONU, les \u00c9tats-Unis et l\u2019Europe. En attendant, quatre \u00abmercenaires\u00bb impliqu\u00e9s dans l\u2019assassinat du pr\u00e9sident ha\u00eftien ont \u00e9t\u00e9 tu\u00e9s et deux autres ont \u00e9t\u00e9 arr\u00eat\u00e9s, a annonc\u00e9 mercredi soir le directeur g\u00e9n\u00e9ral de la police nationale d\u2019Ha\u00efti.<\/p>\n\n\n\n<p>Apr\u00e8s <strong><a href=\"https:\/\/www.rfi.fr\/fr\/en-bref\/20210707-ha%C3%AFti-le-pr%C3%A9sident-ha%C3%AFtien-jovenel-mo%C3%AFse-a-%C3%A9t%C3%A9-assassin%C3%A9-dans-la-nuit-de-mardi-%C3%A0-mercredi\">l\u2019assassinat du pr\u00e9sident Jovenel Mo\u00efse<\/a><\/strong> dans sa r\u00e9sidence priv\u00e9e par un commando,\u00a0l\u2019inqui\u00e9tude r\u00e8gne en Ha\u00efti. Qui dirige le pays\u00a0? Que va-t-il se passer dans les jours \u00e0 venir\u00a0? La police et l\u2019arm\u00e9e sont-elles \u00e0 m\u00eame\u00a0de r\u00e9tablir l\u2019ordre\u00a0? Des \u00e9lections vont-elles \u00eatre organis\u00e9es\u00a0?<\/p>\n\n\n\n<p>Ces questions restent pour l\u2019instant en suspens. Au niveau du pouvoir, le Premier ministre par int\u00e9rim Claude Joseph, qui devait quitter son poste ce mercredi suite \u00e0 la nomination lundi dernier d\u2019Ariel Henry, a d\u00e9cr\u00e9t\u00e9 l\u2019\u00e9tat de si\u00e8ge sans se&nbsp;prononcer&nbsp;sur la suite des \u00e9v\u00e9nements.<\/p>\n\n\n\n<p>Si l\u2019on s\u2019en tient \u00e0 la Constitution ha\u00eftienne, suite \u00e0 la r\u00e9forme de 2012, si le poste de pr\u00e9sident de la R\u00e9publique devient vacant, c\u2019est le Conseil des ministres qui doit assurer l\u2019int\u00e9rim jusqu\u2019\u00e0 l\u2019\u00e9lection d\u2019un nouveau pr\u00e9sident. Selon un d\u00e9cret publi\u00e9 cette semaine, des \u00e9lections l\u00e9gislatives et pr\u00e9sidentielle doivent se tenir le&nbsp;26 septembre prochain, avec un second tour le&nbsp;21 novembre. Mais l\u2019annonce de la mort de Jovenel Mo\u00efse pourrait bien chambouler cet agenda.<\/p>\n\n\n\n<p>Ce mercredi, le d\u00e9partement d\u2019\u00c9tat am\u00e9ricain a appel\u00e9 au maintien de ces \u00e9lections.&nbsp;\u00ab<em>Les \u00c9tats-Unis continuent de consid\u00e9rer que les \u00e9lections de cette ann\u00e9e devraient \u00eatre maintenue<\/em>\u00bb, a indiqu\u00e9 le porte-parole de la diplomatie am\u00e9ricaine Ned Price lors d\u2019un point-presse, jugeant qu\u2019un scrutin libre \u00ab<em>favoriserait le transfert pacifique du pouvoir \u00e0 un pr\u00e9sident nouvellement \u00e9lu<\/em>\u00bb.<\/p>\n\n\n\n<p>Dans un contexte d\u2019ins\u00e9curit\u00e9 et de violences de gangs faisant redouter un basculement vers l\u2019anarchie g\u00e9n\u00e9ralis\u00e9e, le Conseil de s\u00e9curit\u00e9 de l\u2019ONU, les \u00c9tats-Unis et l\u2019Europe avaient estim\u00e9 prioritaire la tenue d\u2019\u00e9lections l\u00e9gislatives et pr\u00e9sidentielle libres et transparentes, d\u2019ici \u00e0 la fin 2021.<\/p>\n\n\n\n<p><strong>Zones d\u2019ombre<\/strong>s<\/p>\n\n\n\n<p>Si l\u2019incertitude est enti\u00e8re quant \u00e0 l\u2019avenir politique d\u2019Ha\u00efti, les questions sont \u00e9galement nombreuses au sujet des circonstances et des commanditaires de l\u2019assassinat du chef de l\u2019\u00c9tat. Qui a mobilis\u00e9 ce commando compos\u00e9 d\u2019individus parlant anglais et espagnol ? Pour l\u2019heure, aucune revendication n\u2019a \u00e9t\u00e9 faite.<\/p>\n\n\n\n<p>Mais quatre \u00abmercenaires\u00bb impliqu\u00e9s dans l\u2019assassinat du pr\u00e9sident ha\u00eftien ont \u00e9t\u00e9 tu\u00e9s et deux autres ont \u00e9t\u00e9 arr\u00eat\u00e9s, a annonc\u00e9 mercredi soir le directeur g\u00e9n\u00e9ral de la police nationale d\u2019Ha\u00efti, L\u00e9on Charles. \u00ab<em>Quatre mercenaires ont \u00e9t\u00e9 tu\u00e9s, deux ont \u00e9t\u00e9 intercept\u00e9s sous notre contr\u00f4le. Trois policiers qui avaient \u00e9t\u00e9 pris en otage ont \u00e9t\u00e9 r\u00e9cup\u00e9r\u00e9s<\/em>\u00bb, a-t-il affirm\u00e9 \u00e0 la t\u00e9l\u00e9vision.<\/p>\n\n\n\n<p>Jovenel Mo\u00efse \u00e9tait un pr\u00e9sident largement d\u00e9cri\u00e9. L\u2019opposition politique et une large part de la soci\u00e9t\u00e9 civile r\u00e9clamaient son d\u00e9part du pouvoir, mais en aucun cas sa mort. Au contraire, ses d\u00e9tracteurs voulaient le voir poursuivi en justice afin qu\u2019il r\u00e9ponde aux accusations de corruption et de d\u00e9tournements qui le visaient.<\/p>\n\n\n\n<p>Son impopularit\u00e9 avait aussi grandi face \u00e0 la volont\u00e9 de changer la Constitution par voie de r\u00e9f\u00e9rendum, alors que la loi ha\u00eftienne interdit les r\u00e9f\u00e9rendums constitutionnels. Mais une fois encore, cela ne semble pas \u00eatre un motif pour organiser cette attaque cibl\u00e9e, dans laquelle l\u2019\u00e9pouse du pr\u00e9sident a \u00e9galement \u00e9t\u00e9 bless\u00e9e.<\/p>\n\n\n\n<p>Par ailleurs, comment expliquer l\u2019entr\u00e9e d\u2019hommes arm\u00e9s dans la r\u00e9sidence pr\u00e9sidentielle pourtant sous haute surveillance, sans apparemment faire un seul mort dans les rangs de l\u2019unit\u00e9 charg\u00e9e de la s\u00e9curit\u00e9&nbsp;de Jovenel Mo\u00efse&nbsp;? Comment ce commando a-t-il ensuite pu partir sans \u00eatre jamais inqui\u00e9t\u00e9&nbsp;? Ces interrogations poussent d\u00e9sormais tout le monde \u00e0 la plus grande prudence en Ha\u00efti.<\/p>\n\n\n\n<p><strong>RFI<\/strong><br><\/p>\n","protected":false},"excerpt":{"rendered":"<p>Le pr\u00e9sident ha\u00eftien Jovenel Mo\u00efse a \u00e9t\u00e9 assassin\u00e9 t\u00f4t ce mercredi matin \u00e0 son domicile. Le pr\u00e9sident venait de nommer un nouveau Premier ministre, qui devait organiser des \u00e9lections demand\u00e9es par le Conseil de s\u00e9curit\u00e9 de l\u2019ONU, les \u00c9tats-Unis et l\u2019Europe. En attendant, quatre \u00abmercenaires\u00bb impliqu\u00e9s dans l\u2019assassinat du pr\u00e9sident ha\u00eftien ont \u00e9t\u00e9 tu\u00e9s et [&hellip;]<\/p>\n","protected":false},"author":3,"featured_media":35870,"comment_status":"open","ping_status":"open","sticky":false,"template":"","format":"standard","meta":{"footnotes":""},"categories":[2],"tags":[7562,7561],"class_list":["post-35869","post","type-post","status-publish","format-standard","has-post-thumbnail","hentry","category-actualites","tag-4-mercenaires-tues-et-2-arretes","tag-haiti"],"_links":{"self":[{"href":"https:\/\/www.friaguinee.net\/index.php\/wp-json\/wp\/v2\/posts\/35869","targetHints":{"allow":["GET"]}}],"collection":[{"href":"https:\/\/www.friaguinee.net\/index.php\/wp-json\/wp\/v2\/posts"}],"about":[{"href":"https:\/\/www.friaguinee.net\/index.php\/wp-json\/wp\/v2\/types\/post"}],"author":[{"embeddable":true,"href":"https:\/\/www.friaguinee.net\/index.php\/wp-json\/wp\/v2\/users\/3"}],"replies":[{"embeddable":true,"href":"https:\/\/www.friaguinee.net\/index.php\/wp-json\/wp\/v2\/comments?post=35869"}],"version-history":[{"count":1,"href":"https:\/\/www.friaguinee.net\/index.php\/wp-json\/wp\/v2\/posts\/35869\/revisions"}],"predecessor-version":[{"id":35871,"href":"https:\/\/www.friaguinee.net\/index.php\/wp-json\/wp\/v2\/posts\/35869\/revisions\/35871"}],"wp:featuredmedia":[{"embeddable":true,"href":"https:\/\/www.friaguinee.net\/index.php\/wp-json\/wp\/v2\/media\/35870"}],"wp:attachment":[{"href":"https:\/\/www.friaguinee.net\/index.php\/wp-json\/wp\/v2\/media?parent=35869"}],"wp:term":[{"taxonomy":"category","embeddable":true,"href":"https:\/\/www.friaguinee.net\/index.php\/wp-json\/wp\/v2\/categories?post=35869"},{"taxonomy":"post_tag","embeddable":true,"href":"https:\/\/www.friaguinee.net\/index.php\/wp-json\/wp\/v2\/tags?post=35869"}],"curies":[{"name":"wp","href":"https:\/\/api.w.org\/{rel}","templated":true}]}}