{"id":35630,"date":"2021-07-01T08:35:09","date_gmt":"2021-07-01T08:35:09","guid":{"rendered":"http:\/\/www.friaguinee.net\/?p=35630"},"modified":"2021-07-01T08:35:10","modified_gmt":"2021-07-01T08:35:10","slug":"burkina-remaniement-ministeriel-roch-marc-christian-kabore-limoge-les-ministres-de-la-defense-et-de-la-securite","status":"publish","type":"post","link":"https:\/\/www.friaguinee.net\/index.php\/2021\/07\/01\/burkina-remaniement-ministeriel-roch-marc-christian-kabore-limoge-les-ministres-de-la-defense-et-de-la-securite\/","title":{"rendered":"Burkina remaniement minist\u00e9riel : Roch Marc Christian Kabor\u00e9, limoge les ministres de la D\u00e9fense et de la S\u00e9curit\u00e9"},"content":{"rendered":"\n<p>Le pr\u00e9sident Roch Marc Christian Kabor\u00e9 proc\u00e8de \u00e0 un r\u00e9am\u00e9nagement de son \u00e9quipe.&nbsp;Ch\u00e9rif Sy qui \u00e9tait jusque-l\u00e0 le ministre de la D\u00e9fense quitte le gouvernement, ainsi que Ousseini Compaor\u00e9, le ministre de la S\u00e9curit\u00e9. Ils font les frais des derni\u00e8res attaques \u00e0 Solhan et contre une \u00e9quipe de la police nationale le 21 juin dernier. Les populations avaient exprim\u00e9 leur col\u00e8re face \u00e0 la recrudescence et la violence des attaques attribu\u00e9es aux groupes jihadistes.<\/p>\n\n\n\n<p>Dimanche dernier 27 juin, au cours d\u2019une adresse \u00e0 la nation, Roch Marc Christian Kabor\u00e9 avait promis des mesures pour faire face aux attaques attribu\u00e9es aux groupes jihadistes. Dans la nouvelle \u00e9quipe, le pr\u00e9sident conserve lui-m\u00eame le portefeuille de la D\u00e9fense et des Anciens combattants.<\/p>\n\n\n\n<p>Il nomme \u00e0 ses c\u00f4t\u00e9s le colonel major Barthelemy Simpor\u00e9, comme ministre d\u00e9l\u00e9gu\u00e9, charg\u00e9 de la D\u00e9fense et des Anciens combattants. Avant cette nomination. Il dirigeait le Centre national d\u2019\u00e9tudes strat\u00e9giques du Burkina Faso.<ins><br><\/ins><\/p>\n\n\n\n<p>Maxime Kon\u00e9, pr\u00e9c\u00e9demment ministre d\u00e9l\u00e9gu\u00e9 charg\u00e9 des Burkinab\u00e8 de l\u2019ext\u00e9rieur devient ministre de la S\u00e9curit\u00e9. D\u00e9sormais, c\u2019est Clarisse M\u00e9rindol, n\u00e9e Ouoba, qui est charg\u00e9e des Burkinab\u00e8 de l\u2019ext\u00e9rieur et de l\u2019Int\u00e9gration africaine. Ce remaniement intervient suite \u00e0 une pression populaire.\u00a0En fin de semaine derni\u00e8re, des milliers de personnes \u00e9taient descendues dans les rues \u00e0 Kaya et \u00e0 Titao pour crier leur ras-le-bol- face l\u2019ins\u00e9curit\u00e9. Les partis de l\u2019opposition ont suspendu leur participation \u00e0 un dialogue politique et projettent des marches dans tout le pays samedi et dimanche prochain pour d\u00e9noncer \u00ab l\u2019incapacit\u00e9 du gouvernement \u00bb \u00e0 faire face aux attaques.<\/p>\n\n\n\n<p>\u00ab<em>Plus qu\u2019un changement de personne, ce que nous attendons, ce sont les mesures fortes promises et ces mesures ne doivent pas attendre, car le peuple est fatigu\u00e9<\/em>\u00bb, souligne Guy Herv\u00e9 Kam, coordonnateur du mouvement Sens.<\/p>\n\n\n\n<p><strong>Source : RFI<\/strong><\/p>\n","protected":false},"excerpt":{"rendered":"<p>Le pr\u00e9sident Roch Marc Christian Kabor\u00e9 proc\u00e8de \u00e0 un r\u00e9am\u00e9nagement de son \u00e9quipe.&nbsp;Ch\u00e9rif Sy qui \u00e9tait jusque-l\u00e0 le ministre de la D\u00e9fense quitte le gouvernement, ainsi que Ousseini Compaor\u00e9, le ministre de la S\u00e9curit\u00e9. Ils font les frais des derni\u00e8res attaques \u00e0 Solhan et contre une \u00e9quipe de la police nationale le 21 juin dernier. [&hellip;]<\/p>\n","protected":false},"author":3,"featured_media":35631,"comment_status":"open","ping_status":"open","sticky":false,"template":"","format":"standard","meta":{"footnotes":""},"categories":[2],"tags":[2368,4146],"class_list":["post-35630","post","type-post","status-publish","format-standard","has-post-thumbnail","hentry","category-actualites","tag-burkina-faso","tag-remaniement-ministeriel"],"_links":{"self":[{"href":"https:\/\/www.friaguinee.net\/index.php\/wp-json\/wp\/v2\/posts\/35630","targetHints":{"allow":["GET"]}}],"collection":[{"href":"https:\/\/www.friaguinee.net\/index.php\/wp-json\/wp\/v2\/posts"}],"about":[{"href":"https:\/\/www.friaguinee.net\/index.php\/wp-json\/wp\/v2\/types\/post"}],"author":[{"embeddable":true,"href":"https:\/\/www.friaguinee.net\/index.php\/wp-json\/wp\/v2\/users\/3"}],"replies":[{"embeddable":true,"href":"https:\/\/www.friaguinee.net\/index.php\/wp-json\/wp\/v2\/comments?post=35630"}],"version-history":[{"count":1,"href":"https:\/\/www.friaguinee.net\/index.php\/wp-json\/wp\/v2\/posts\/35630\/revisions"}],"predecessor-version":[{"id":35632,"href":"https:\/\/www.friaguinee.net\/index.php\/wp-json\/wp\/v2\/posts\/35630\/revisions\/35632"}],"wp:featuredmedia":[{"embeddable":true,"href":"https:\/\/www.friaguinee.net\/index.php\/wp-json\/wp\/v2\/media\/35631"}],"wp:attachment":[{"href":"https:\/\/www.friaguinee.net\/index.php\/wp-json\/wp\/v2\/media?parent=35630"}],"wp:term":[{"taxonomy":"category","embeddable":true,"href":"https:\/\/www.friaguinee.net\/index.php\/wp-json\/wp\/v2\/categories?post=35630"},{"taxonomy":"post_tag","embeddable":true,"href":"https:\/\/www.friaguinee.net\/index.php\/wp-json\/wp\/v2\/tags?post=35630"}],"curies":[{"name":"wp","href":"https:\/\/api.w.org\/{rel}","templated":true}]}}