{"id":35459,"date":"2021-06-24T14:52:36","date_gmt":"2021-06-24T14:52:36","guid":{"rendered":"http:\/\/www.friaguinee.net\/?p=35459"},"modified":"2021-06-24T14:52:37","modified_gmt":"2021-06-24T14:52:37","slug":"boffa-honorable-zeinab-camara-offre-des-tonnes-de-semences-aux-groupements-et-cooperatives-agricoles-de-koba","status":"publish","type":"post","link":"https:\/\/www.friaguinee.net\/index.php\/2021\/06\/24\/boffa-honorable-zeinab-camara-offre-des-tonnes-de-semences-aux-groupements-et-cooperatives-agricoles-de-koba\/","title":{"rendered":"Boffa : Honorable Zeinab Camara offre des tonnes de semences aux groupements et coop\u00e9ratives agricoles de Koba"},"content":{"rendered":"\n<p>Les paysans de Koba, dans la pr\u00e9fecture de Boffa viennent de b\u00e9n\u00e9ficier pr\u00e8s de trois tonnes de semences de riz pour la campagne agricole 2021.<br>C\u2019est un geste de la d\u00e9put\u00e9e Uninominale de Boffa, Honorable Zeinab Camara.<br>La remise a \u00e9t\u00e9 faite ce mercredi 23 juin 2021, au si\u00e8ge de la Commune Rurale de Koba, en pr\u00e9sence des autorit\u00e9s locales et les b\u00e9n\u00e9ficiaires.<\/p>\n\n\n\n<p>Dans son discours de circonstance, le Maire a saisi l\u2019occasion pour rendre un hommage au Pr\u00e9sident Alpha Cond\u00e9 qui, pour lui, ne m\u00e9nage aucun effort pour le d\u00e9veloppement du secteur agricole en Guin\u00e9e. Il a \u00e9galement remerci\u00e9 la donatrice qui a toujours pens\u00e9 aux populations de sa circonscription. \u2039\u2039<em>Ce geste vient \u00e0 un moment, o\u00f9 chacun a besoin de semences agricole .Donc nous saluons tr\u00e8s vivement cet acte de notre d\u00e9put\u00e9e. C\u2019est pourquoi, nous avons r\u00e9uni tous les groupements \u00e9voluant dans le domaine agricole et les pr\u00e9sidents de Districts pour faire une r\u00e9partition. Nous voulons que cet acte soit p\u00e9rennis\u00e9. Nous allons donner au paysans \u00e0 cr\u00e9dit. Ceux qui vont avoir cette ann\u00e9e apr\u00e8s remboursement, nous allons donner aux autres ainsi de suite<\/em>\u203a\u203a, a indiqu\u00e9 Aboubacar Bangoura.<ins><\/ins><\/p>\n\n\n\n<div class=\"wp-block-image\"><figure class=\"aligncenter is-resized\"><img loading=\"lazy\" decoding=\"async\" src=\"https:\/\/www.fatalainfos.com\/wp-content\/uploads\/2021\/06\/IMG-20210623-WA00292-300x169.jpg\" alt=\"\" class=\"wp-image-29785\" width=\"608\" height=\"341\"\/><\/figure><\/div>\n\n\n\n<p>Aye Soumah, l\u2019une des b\u00e9n\u00e9ficiaires estime que la d\u00e9put\u00e9e n\u2019est pas \u00e0 son premier geste de bont\u00e9 en leur faveur. \u00ab&nbsp;<em>Cette dame qui est d\u00e9put\u00e9e nous a montr\u00e9 son importance pour Koba. Elle a toujours pens\u00e9 aux pauvres, Que Dieu la prot\u00e8ge. Ce don de semences nous r\u00e9jouisse \u00e0 plus d\u2019un. Nos maris n\u2019ont pas les moyens, donc tout se repose sur nous les femmes. C\u2019est pourquoi nous la remercions et nous prions pour elle, au nom de tous les groupements pr\u00e9sents ce matin \u00e0 la commune&nbsp;\u00bb<\/em>, a-t-elle indiqu\u00e9.<\/p>\n\n\n\n<div class=\"wp-block-image\"><figure class=\"aligncenter is-resized\"><img loading=\"lazy\" decoding=\"async\" src=\"https:\/\/www.fatalainfos.com\/wp-content\/uploads\/2021\/06\/IMG-20210623-WA00332-300x161.jpg\" alt=\"\" class=\"wp-image-29783\" width=\"636\" height=\"341\"\/><\/figure><\/div>\n\n\n\n<p><ins><\/ins><\/p>\n\n\n\n<p>Pour Elhadj Alseny Ciss\u00e9: \u2039\u2039<em>ce don de semences va droit \u00e0 nos c\u0153urs. Car, il est fait \u00e0 un moment o\u00f9 tous les agriculteurs sont \u00e0 pieds d\u2019oeuvre pour avoir la semence. Nous sommes tr\u00e8s contents de l\u2019honorable Zeinab Camara . Nous allons continuer de prier pour elle. Nous demandons aux autres cadres de Boffa de lui embo\u00eeter les pas, de venir aux secours des agriculteurs de koba. Les ouvrages de notre plaine sont v\u00e9tustes c\u2019est ce qui provoque des inondations dans les rizi\u00e8res causant des pertes au niveau de rendement du riz<\/em>\u203a\u203a, a lanc\u00e9 le pr\u00e9sident de district de Kobarar\u00e9.<\/p>\n\n\n\n<p><strong>Avec Fatalainfos<\/strong><\/p>\n","protected":false},"excerpt":{"rendered":"<p>Les paysans de Koba, dans la pr\u00e9fecture de Boffa viennent de b\u00e9n\u00e9ficier pr\u00e8s de trois tonnes de semences de riz pour la campagne agricole 2021.C\u2019est un geste de la d\u00e9put\u00e9e Uninominale de Boffa, Honorable Zeinab Camara.La remise a \u00e9t\u00e9 faite ce mercredi 23 juin 2021, au si\u00e8ge de la Commune Rurale de Koba, en pr\u00e9sence [&hellip;]<\/p>\n","protected":false},"author":2,"featured_media":35460,"comment_status":"open","ping_status":"open","sticky":false,"template":"","format":"standard","meta":{"footnotes":""},"categories":[9],"tags":[154,7457,5145,1773,7456],"class_list":["post-35459","post","type-post","status-publish","format-standard","has-post-thumbnail","hentry","category-publireportage","tag-boffa","tag-cooperatives-agricoles","tag-honorable-zeinab-camara","tag-koba","tag-semences"],"_links":{"self":[{"href":"https:\/\/www.friaguinee.net\/index.php\/wp-json\/wp\/v2\/posts\/35459","targetHints":{"allow":["GET"]}}],"collection":[{"href":"https:\/\/www.friaguinee.net\/index.php\/wp-json\/wp\/v2\/posts"}],"about":[{"href":"https:\/\/www.friaguinee.net\/index.php\/wp-json\/wp\/v2\/types\/post"}],"author":[{"embeddable":true,"href":"https:\/\/www.friaguinee.net\/index.php\/wp-json\/wp\/v2\/users\/2"}],"replies":[{"embeddable":true,"href":"https:\/\/www.friaguinee.net\/index.php\/wp-json\/wp\/v2\/comments?post=35459"}],"version-history":[{"count":1,"href":"https:\/\/www.friaguinee.net\/index.php\/wp-json\/wp\/v2\/posts\/35459\/revisions"}],"predecessor-version":[{"id":35461,"href":"https:\/\/www.friaguinee.net\/index.php\/wp-json\/wp\/v2\/posts\/35459\/revisions\/35461"}],"wp:featuredmedia":[{"embeddable":true,"href":"https:\/\/www.friaguinee.net\/index.php\/wp-json\/wp\/v2\/media\/35460"}],"wp:attachment":[{"href":"https:\/\/www.friaguinee.net\/index.php\/wp-json\/wp\/v2\/media?parent=35459"}],"wp:term":[{"taxonomy":"category","embeddable":true,"href":"https:\/\/www.friaguinee.net\/index.php\/wp-json\/wp\/v2\/categories?post=35459"},{"taxonomy":"post_tag","embeddable":true,"href":"https:\/\/www.friaguinee.net\/index.php\/wp-json\/wp\/v2\/tags?post=35459"}],"curies":[{"name":"wp","href":"https:\/\/api.w.org\/{rel}","templated":true}]}}