{"id":35454,"date":"2021-06-24T13:05:15","date_gmt":"2021-06-24T13:05:15","guid":{"rendered":"http:\/\/www.friaguinee.net\/?p=35454"},"modified":"2021-06-24T13:05:16","modified_gmt":"2021-06-24T13:05:16","slug":"senegal-feu-moussa-gadio-nomme-prefet-darrondissement-en-conseil-des-ministres","status":"publish","type":"post","link":"https:\/\/www.friaguinee.net\/index.php\/2021\/06\/24\/senegal-feu-moussa-gadio-nomme-prefet-darrondissement-en-conseil-des-ministres\/","title":{"rendered":"S\u00e9n\u00e9gal : Feu Moussa Gadio nomm\u00e9 pr\u00e9fet d&rsquo;arrondissement en conseil des ministres"},"content":{"rendered":"\n<p><strong>L\u2019adjoint au pr\u00e9fet de Thi\u00e8s, <a href=\"https:\/\/senego.com\/insolite-ladjoint-au-prefet-de-thies-decede-en-fevrier-2021-nomme-sous-prefet-de-bandafassi_1287578.html\">Moussa Gadio,<\/a> d\u00e9c\u00e9d\u00e9, a \u00e9t\u00e9 nomm\u00e9 sous-pr\u00e9fet de l\u2019arrondissement de Bandafassi, selon le communiqu\u00e9 du Conseil des ministres du mercredi 23 juin. Une erreur qui a \u00e9t\u00e9 rectifi\u00e9e dans la soir\u00e9e.<\/strong><\/p>\n\n\n\n<p>L\u2019ancien Sous-pr\u00e9fet de Thi\u00e8s-Nord est d\u00e9c\u00e9d\u00e9 depuis le mois de f\u00e9vrier dernier, confirme \u00e0 Rfm, son ami d\u2019enfance, Abdoul Khafor Diop. \u201c<em>Si c\u2019est le Gadio que j\u2019ai connu, c\u2019est un ami, plus qu\u2019un ami. On est n\u00e9 dans le m\u00eame quartier. C\u2019est quelqu\u2019un que je connais tr\u00e8s bien. Si c\u2019est lui que j\u2019ai connu et qui \u00e9tait adjoint au Sous-pr\u00e9fet de Thi\u00e8s, il est d\u00e9c\u00e9d\u00e9 courant mois de f\u00e9vrier et j\u2019\u00e9tais m\u00eame \u00e0 son enterrement<\/em>\u201c, a-t-il notamment d\u00e9clar\u00e9.<\/p>\n\n\n\n<p>A la suite de cette erreur, Antoine Felix Diome a sorti un communiqu\u00e9. Selon le ministre de l\u2019Int\u00e9rieur, c\u2019est Lamine Diop, pr\u00e9c\u00e9demment adjoint au Sous-pr\u00e9fet de l\u2019arrondissement de Sakal, qui est nomm\u00e9 Sous-pr\u00e9fet de l\u2019arrondissement de Bandafassi. Il remplace \u00e0 ce poste, Mamadou Moustapha Seck, admis \u00e0 faire valoir ses droits \u00e0 une pension de retraite.<\/p>\n\n\n\n<p><strong> www.senego.com <\/strong><\/p>\n","protected":false},"excerpt":{"rendered":"<p>L\u2019adjoint au pr\u00e9fet de Thi\u00e8s, Moussa Gadio, d\u00e9c\u00e9d\u00e9, a \u00e9t\u00e9 nomm\u00e9 sous-pr\u00e9fet de l\u2019arrondissement de Bandafassi, selon le communiqu\u00e9 du Conseil des ministres du mercredi 23 juin. Une erreur qui a \u00e9t\u00e9 rectifi\u00e9e dans la soir\u00e9e. L\u2019ancien Sous-pr\u00e9fet de Thi\u00e8s-Nord est d\u00e9c\u00e9d\u00e9 depuis le mois de f\u00e9vrier dernier, confirme \u00e0 Rfm, son ami d\u2019enfance, Abdoul [&hellip;]<\/p>\n","protected":false},"author":3,"featured_media":30187,"comment_status":"open","ping_status":"open","sticky":false,"template":"","format":"standard","meta":{"footnotes":""},"categories":[2],"tags":[],"class_list":["post-35454","post","type-post","status-publish","format-standard","has-post-thumbnail","hentry","category-actualites"],"_links":{"self":[{"href":"https:\/\/www.friaguinee.net\/index.php\/wp-json\/wp\/v2\/posts\/35454","targetHints":{"allow":["GET"]}}],"collection":[{"href":"https:\/\/www.friaguinee.net\/index.php\/wp-json\/wp\/v2\/posts"}],"about":[{"href":"https:\/\/www.friaguinee.net\/index.php\/wp-json\/wp\/v2\/types\/post"}],"author":[{"embeddable":true,"href":"https:\/\/www.friaguinee.net\/index.php\/wp-json\/wp\/v2\/users\/3"}],"replies":[{"embeddable":true,"href":"https:\/\/www.friaguinee.net\/index.php\/wp-json\/wp\/v2\/comments?post=35454"}],"version-history":[{"count":1,"href":"https:\/\/www.friaguinee.net\/index.php\/wp-json\/wp\/v2\/posts\/35454\/revisions"}],"predecessor-version":[{"id":35455,"href":"https:\/\/www.friaguinee.net\/index.php\/wp-json\/wp\/v2\/posts\/35454\/revisions\/35455"}],"wp:featuredmedia":[{"embeddable":true,"href":"https:\/\/www.friaguinee.net\/index.php\/wp-json\/"}],"wp:attachment":[{"href":"https:\/\/www.friaguinee.net\/index.php\/wp-json\/wp\/v2\/media?parent=35454"}],"wp:term":[{"taxonomy":"category","embeddable":true,"href":"https:\/\/www.friaguinee.net\/index.php\/wp-json\/wp\/v2\/categories?post=35454"},{"taxonomy":"post_tag","embeddable":true,"href":"https:\/\/www.friaguinee.net\/index.php\/wp-json\/wp\/v2\/tags?post=35454"}],"curies":[{"name":"wp","href":"https:\/\/api.w.org\/{rel}","templated":true}]}}