{"id":35440,"date":"2021-06-24T10:47:29","date_gmt":"2021-06-24T10:47:29","guid":{"rendered":"http:\/\/www.friaguinee.net\/?p=35440"},"modified":"2021-06-24T11:33:39","modified_gmt":"2021-06-24T11:33:39","slug":"conference-de-moscou-sur-la-securite-internationale-de-nombreuses-armees-africaines-sont-dans-lincapacite-de-gerer-par-elles-memes-les-moindres-menaces-securitaires-dr-mohamed-diane","status":"publish","type":"post","link":"https:\/\/www.friaguinee.net\/index.php\/2021\/06\/24\/conference-de-moscou-sur-la-securite-internationale-de-nombreuses-armees-africaines-sont-dans-lincapacite-de-gerer-par-elles-memes-les-moindres-menaces-securitaires-dr-mohamed-diane\/","title":{"rendered":"Conf\u00e9rence de Moscou sur la s\u00e9curit\u00e9 internationale : \u00ab De nombreuses arm\u00e9es africaines sont dans l\u2019incapacit\u00e9 de g\u00e9rer par elles-m\u00eames les moindres menaces s\u00e9curitaires \u00bb ( Dr Mohamed Dian\u00e9)"},"content":{"rendered":"\n<p>Le Ministre d&rsquo;Etat, Ministre de la D\u00e9fense Nationale assiste \u00e0 la 9\u00e8me conf\u00e9rence sur la s\u00e9curit\u00e9 internationale qui se tient dans la capitale russe. Dans le discours qu&rsquo;il a tenu pour la circonstance, Dr Mohamed Dian\u00e9 a \u00e9voqu\u00e9 les probl\u00e8mes s\u00e9curitaires auxquels sont confront\u00e9s les Etats africains.<\/p>\n\n\n\n<p><strong>Nous vous proposons ci-dessous l&rsquo;int\u00e9gralit\u00e9 de son discours<\/strong><\/p>\n\n\n\n<p><strong>Monsieur le Pr\u00e9sident de s\u00e9ance&nbsp;;<\/strong><\/p>\n\n\n\n<p><strong>Mesdames et Messieurs,<\/strong><\/p>\n\n\n\n<p>C\u2019est\nun honneur pour moi de participer \u00e0 la&nbsp;<strong>IX<sup>\u00e8me<\/sup><\/strong>&nbsp;<strong>conf\u00e9rence de Moscou<\/strong>&nbsp;<strong>sur<\/strong>&nbsp;<strong>la s\u00e9curit\u00e9\ninternationale<\/strong>&nbsp;et surtout un privil\u00e8ge de prendre la\nparole \u00e0 cette tribune pour intervenir sur \u00ab&nbsp;<strong>La coop\u00e9ration\nmilitaire et militaro-technique entre la Russie et les pays d\u2019Afrique et du\nMoyen-Orient, facteur principal de renforcement de la s\u00e9curit\u00e9 r\u00e9gionale&nbsp;<\/strong>\u00bb,&nbsp;<strong>cas des pays africains.<\/strong><\/p>\n\n\n\n<p>Au\ndemeurant, je remercie S.E.M. le G\u00e9n\u00e9ral d\u2019Arm\u00e9e Sergue\u00ef CHO\u00cfGOU, Ministre de\nla d\u00e9fense de la F\u00e9d\u00e9ration de Russie, pour l\u2019opportunit\u00e9 que son invitation\nm\u2019offre de prendre part avec ma d\u00e9l\u00e9gation \u00e0 ce forum international qu\u2019il a\nbien voulu organiser encore cette ann\u00e9e, malgr\u00e9 la conjoncture sanitaire\ninternationale toujours tr\u00e8s \u00e9prouvante.<\/p>\n\n\n\n<p>J\u2019en\nprofite pour m\u2019acquitter d\u2019un devoir, celui de transmettre les chaleureuses\nsalutations de S.E.M le Pr\u00e9sident de la R\u00e9publique de Guin\u00e9e, Chef de l\u2019Etat et\nChef Supr\u00eame des Arm\u00e9es,&nbsp;<strong>Pr Alpha CONDE<\/strong>,\n\u00e0 son fr\u00e8re et ami S.E M.&nbsp;<strong>Vladimir POUTINE<\/strong>,\nPr\u00e9sident de la F\u00e9d\u00e9ration de Russie.<\/p>\n\n\n\n<p>En\neffet, l\u2019honneur qui est fait \u00e0 mon pays d\u2019\u00eatre de nouveau repr\u00e9sent\u00e9 \u00e0 cette\nplateforme d\u2019\u00e9changes, t\u00e9moigne de l\u2019excellence des relations d\u2019amiti\u00e9 et de\ncoop\u00e9ration qui existent entre nos deux Etats depuis l\u2019accession de la Guin\u00e9e \u00e0\nl\u2019ind\u00e9pendance nationale, le 02 Octobre 1958.<\/p>\n\n\n\n<p>C\u2019est\npourquoi, S.E.M. le Pr\u00e9sident de la R\u00e9publique m\u2019a particuli\u00e8rement charg\u00e9 de\nr\u00e9affirmer \u00e0 S.E.M. le Pr\u00e9sident de la F\u00e9d\u00e9ration de Russie, sa volont\u00e9 ardente\nde perp\u00e9tuer ces relations en vue du progr\u00e8s de nos deux pays.<\/p>\n\n\n\n<p><strong>Mesdames\net Messieurs<\/strong>,<\/p>\n\n\n\n<p>Pour\nrevenir \u00e0 l\u2019objet de notre rencontre, je voudrais exprimer ici toute ma\nreconnaissance au Minist\u00e8re de la d\u00e9fense de la F\u00e9d\u00e9ration de Russie pour\nl\u2019opportunit\u00e9 que nous offre la&nbsp;<strong>Conf\u00e9rence de\nMoscou<\/strong>&nbsp;d\u2019\u00e9changer p\u00e9riodiquement sur la probl\u00e9matique de\nla s\u00e9curit\u00e9 internationale qui se pose toujours au monde avec plus d\u2019acuit\u00e9,\nmalgr\u00e9 les initiatives et les efforts des Etats, les progr\u00e8s scientifiques et\ntechnologiques.<\/p>\n\n\n\n<p>Nous\nsommes aujourd\u2019hui dans un ordre mondial o\u00f9 les menaces sont diffuses et\nimpr\u00e9visibles, marqu\u00e9s par un environnement de volatilit\u00e9, d\u2019incertitude, de\ncomplexit\u00e9 et d\u2019ambigu\u00eft\u00e9.<\/p>\n\n\n\n<p>\n\n\n\n&nbsp;En Afrique, la s\u00e9curit\u00e9 globale de nos Etats est de plus en plus menac\u00e9e\npar les crises politiques li\u00e9es au processus d\u00e9mocratique, \u00e0 l\u2019exacerbation de\nla pauvret\u00e9 et du ch\u00f4mage qui favorisent les revendications sociales, la\nradicalisation religieuse, le terrorisme et l\u2019extr\u00e9misme violent, les rebellions\narm\u00e9es, les conflits communautaires et s\u00e9paratistes, la criminalit\u00e9 organis\u00e9e,\nles \u00e9pid\u00e9mies et &nbsp;pand\u00e9mies qui viennent s\u2019ajouter aux calamit\u00e9s\nnaturelles, occasionnant tr\u00e8s souvent des d\u00e9placements massifs de populations.<\/p>\n\n\n\n<p>Nos\nensembles sous r\u00e9gionaux sont confront\u00e9s chacun \u00e0 un ou plusieurs de ces d\u00e9fis\ns\u00e9curitaires sp\u00e9cifiques.<\/p>\n\n\n\n<p>Depuis\nla d\u00e9stabilisation de la Lybie, l\u2019instabilit\u00e9 contagieuse dans la bande\nsah\u00e9lo-saharienne et la persistance de Boko-haram dans le bassin du lac Tchad,\nont internationalis\u00e9 le terrorisme et l\u2019extr\u00e9misme violent en Afrique\noccidentale et centrale.<\/p>\n\n\n\n<p>La\nbande Sah\u00e9lo-saharienne est devenue un sanctuaire des Groupes Arm\u00e9s terroristes\n(GAT) et du trafic de tout genre, une zone infr\u00e9quentable, d\u2019o\u00f9 les djihadistes\nveulent partir pour \u00e9tendre leur empire jusqu\u2019au golfe de Guin\u00e9e.\n&nbsp;&nbsp;&nbsp;&nbsp;&nbsp;<\/p>\n\n\n\n<p>La\ncorne de l\u2019Afrique, toujours en proie \u00e0 la piraterie maritime, est un autre\nfoyer de tensions entretenues par les Chebabs qui d\u00e9stabilisent la Somalie et\nle Kenya. Plusieurs autres pays de la c\u00f4te Est de l\u2019Afrique comme la Tanzanie\net le Mozambique sont aussi victimes d\u2019attaques terroristes. &nbsp;<\/p>\n\n\n\n<p>\n\n\n\nLa prolif\u00e9ration et la circulation illicite des armes l\u00e9g\u00e8res et&nbsp; de petit\ncalibre r\u00e9sultant des diff\u00e9rents conflits, favorisent la r\u00e9currence des\nr\u00e9bellions fratricides avec leur massacre de civils dans les pays des grands\nlacs et dans le bassin du lac Tchad.<\/p>\n\n\n\n<p>Plus\nr\u00e9cemment, en plus des crises post-\u00e9lectorales qui ont secou\u00e9 certains pays de\nl\u2019Afrique de l\u2019Ouest, la guerre de s\u00e9cession en Ethiopie et la r\u00e9bellion au\nTchad ayant co\u00fbt\u00e9 la vie au Pr\u00e9sident Idriss Deby ITNO, constituent des motifs\nde pr\u00e9occupation dont les effets risquent de faire basculer ces parties du\ncontinent dans une ins\u00e9curit\u00e9 g\u00e9n\u00e9ralis\u00e9e.<\/p>\n\n\n\n<p>Au-del\u00e0\ndes pays du G-5 Sahel, le Cameroun et le Nig\u00e9ria sont p\u00e9riodiquement victimes\nd\u2019attaques meurtri\u00e8res qui endeuillent les pays et provoquent des d\u00e9placements\nmassifs de populations.<\/p>\n\n\n\n<p>Tous\nces foyers de tensions et de guerres qui s\u00e8ment la terreur, rendent les Etats\nde plus en plus instables et compromettent la mise en \u0153uvre des programmes de\nd\u00e9veloppement socio\u00e9conomique. Cet \u00e9tat de fait augmente les taux de pauvret\u00e9\net de ch\u00f4mage, exacerbe les tensions sociales et fait de l\u2019Afrique un r\u00e9servoir\npotentiel de candidats \u00e0 la migration clandestine dont l\u2019ampleur devient\nincontr\u00f4lable.<\/p>\n\n\n\n<p>La\nRussie, il faut s\u2019en f\u00e9liciter, appuie les pays africains dans la gestion de\nces conflits dans le cadre de ses relations de coop\u00e9ration militaire\nbilat\u00e9rale, mais aussi dans celui de l\u2019intervention de la communaut\u00e9 internationale\n\u00e0 travers les Nations Unies.<\/p>\n\n\n\n<p>Depuis\nla cr\u00e9ation de son arm\u00e9e le 1<sup>er<\/sup>&nbsp;novembre\n1958, la R\u00e9publique de Guin\u00e9e entretient une coop\u00e9ration militaire privil\u00e9gi\u00e9e\navec la Russie.<\/p>\n\n\n\n<p>Cette\ncoop\u00e9ration militaire, aux c\u00f4t\u00e9s des autres partenaires techniques et financiers,\naccompagne le processus de la R\u00e9forme du Secteur de S\u00e9curit\u00e9 enclench\u00e9e sous la\nconduite du Pr\u00e9sident de la R\u00e9publique, Pr Alpha CONDE, depuis son accession \u00e0\nla magistrature supr\u00eame du pays.<\/p>\n\n\n\n<p>L\u2019un\ndes avantages de cette R\u00e9forme de l\u2019arm\u00e9e guin\u00e9enne est la reprise de la place\nde notre pays sur la sc\u00e8ne internationale dans le domaine des op\u00e9rations de\nmaintien de la paix, avec l\u2019envoie de contingents militaires depuis plusieurs\nann\u00e9es au sein de la Mission Multidimensionnelle Int\u00e9gr\u00e9e des Nations Unies\npour la Stabilisation au Mali (<strong>MINUSMA<\/strong>)\net d\u2019observateurs militaires ou de S\u00e9curit\u00e9 au compte des Nations Unies.<\/p>\n\n\n\n<p>\n\n\n\nPour maintenir l\u2019\u00e9lan de cette participation, notre pays dispose d\u2019un centre\nd\u2019Entrainement aux Op\u00e9rations de Maintien de la Paix qui ambitionne de devenir\nun Centre Sous R\u00e9gional avec l\u2019appui technique et financier de nos partenaires.<\/p>\n\n\n\n<p><strong>Mesdames\net Messieurs&nbsp;;<\/strong><\/p>\n\n\n\n<p>La\nconstruction des arm\u00e9es nationales fortes en Afrique se heurte au contraste\nexistant entre la volont\u00e9 politique des dirigeants et les capacit\u00e9s \u00e9conomiques\ndes Etats.<\/p>\n\n\n\n<p>Cette\nsituation est aggrav\u00e9e par les crises de tous genres qui agitent le monde, d\u2019autant\nplus que l\u2019adaptation des \u00e9quipements des arm\u00e9es au nouveau contexte\ns\u00e9curitaire souffre de l\u2019insuffisance de moyens financiers n\u00e9cessaires \u00e0 la\nmise en \u0153uvre des Lois de Programmation Militaire \u00e9labor\u00e9es \u00e0 cet effet.<\/p>\n\n\n\n<p>En\ncons\u00e9quence, de nombreuses arm\u00e9es africaines sont dans l\u2019incapacit\u00e9 de g\u00e9rer\npar elles-m\u00eames les moindres menaces s\u00e9curitaires, compromettant ainsi la\nstabilit\u00e9 socio-\u00e9conomique et politique de leurs pays, avec des incidences\ndommageables \u00e0 l\u2019ensemble de la communaut\u00e9 internationale.<\/p>\n\n\n\n<p>D\u2019o\u00f9\nl\u2019obligation de la mutualisation plus accrue des efforts de toute la communaut\u00e9\ninternationale au-del\u00e0 des id\u00e9ologies et de la g\u00e9opolitique.<\/p>\n\n\n\n<p>Ceci\nest la seule alternative qui peut amener le monde \u00e0 vaincre les forces du mal\nqui s\u2019identifient par la radicalisation, la guerre, la violence, la terreur, le\ntrafic de tous genres.<\/p>\n\n\n\n<p>C\u2019est\npourquoi l\u2019Afrique, en plus de la n\u00e9cessit\u00e9 de la mont\u00e9e en puissance des\narm\u00e9es nationales, a une pr\u00e9occupation longtemps exprim\u00e9e, de cr\u00e9ation et\nd\u2019op\u00e9rationnalisation d\u2019une force en attente de l\u2019Union Africaine avec des\ncomposantes sous r\u00e9gionales.<\/p>\n\n\n\n<p>Il\nest \u00e9vident que la mont\u00e9e en puissance d\u2019une telle force permettrait au\ncontinent africain de disposer des unit\u00e9s d\u2019intervention capables de pr\u00e9venir\nou de g\u00e9rer efficacement toutes les situations de conflits qui d\u00e9stabilisent\nnos Etats.<\/p>\n\n\n\n<p>La\nmat\u00e9rialisation de telles initiatives n\u00e9cessite une coop\u00e9ration militaire\nmultidimensionnelle plus renforc\u00e9e entre les pays africains et les puissances\nmilitaires comme la Russie en termes de renforcement de capacit\u00e9s en mati\u00e8re de\n&nbsp;formation et surtout d\u2019\u00e9quipements majeurs adapt\u00e9s au contexte\ns\u00e9curitaire actuel.<\/p>\n\n\n\n<p>\n\n\n\nCette approche permettrait aux grandes puissances d\u2019\u00e9conomiser les moyens\nmobilis\u00e9s pour leurs interventions militaires d\u2019urgence visant \u00e0 sauver les\nEtats africains du p\u00e9ril terroriste, tel que l\u2019op\u00e9ration Serval\u2019\u2019 au Mali.<\/p>\n\n\n\n<p>Cette\nnouvelle forme de coop\u00e9ration militaire appel\u00e9e de tous les v\u0153ux par l\u2019Afrique,\ndevrait trouver aujourd\u2019hui un \u00e9cho favorable aupr\u00e8s des puissances militaires\n\u00e0 travers des rencontres comme la conf\u00e9rence de Moscou sur la s\u00e9curit\u00e9\ninternationale.<\/p>\n\n\n\n<p><strong>Mesdames\net Messieurs,<\/strong><\/p>\n\n\n\n<p>Au\nregard de tous les facteurs qui g\u00e9n\u00e8rent les conflits, la restauration de la\ns\u00e9curit\u00e9 internationale et la consolidation de la paix doit aussi inclure une\nnouvelle forme de coop\u00e9ration internationale ax\u00e9e sur l\u2019accroissement de\nl\u2019appui au d\u00e9veloppement \u00e9conomique et technique aux Etats africains.<\/p>\n\n\n\n<p>C\u2019est\ndire que la coop\u00e9ration avec les puissances militaires doit tendre d\u00e9sormais\nvers cette r\u00e9alit\u00e9 implacable, pour que les efforts de lutte pour la\nconsolidation de la paix rev\u00eatent un caract\u00e8re efficace et durable.<\/p>\n\n\n\n<p>L\u2019am\u00e9lioration\ndes conditions de vie des populations par la r\u00e9duction des disparit\u00e9s et le\npartage de la prosp\u00e9rit\u00e9 sont autant de facteurs qui peuvent emp\u00eacher les\ncouches d\u00e9favoris\u00e9es de se radicaliser, de se masser aux portes de l\u2019Europe ou\nde s\u2019enr\u00f4ler dans des confits qui ne sont souvent pas les leurs.<\/p>\n\n\n\n<p>Sans\navoir \u00e9t\u00e9 exhaustif, je voudrais terminer mon intervention sur une note d\u2019espoir\nen faveur de la prise en compte de cette nouvelle conception de la coop\u00e9ration\nen vue de mieux faire face aux d\u00e9fis s\u00e9curitaires contemporains.<\/p>\n\n\n\n<p>Je\nr\u00e9affirme ici, la disponibilit\u00e9 de mon pays \u00e0 dynamiser chaque jour davantage\ncette coop\u00e9ration avec la F\u00e9d\u00e9ration de Russie dans le cadre de la pr\u00e9servation\nde la paix, de la stabilit\u00e9 et de la s\u00e9curit\u00e9 internationale pour l\u2019int\u00e9r\u00eat\nsup\u00e9rieur des Etats et des Peuples.<\/p>\n\n\n\n<p><strong>Vive\nla coop\u00e9ration internationale,<\/strong><\/p>\n\n\n\n<p><strong>Vive\nla paix et la s\u00e9curit\u00e9 internationale,<\/strong><\/p>\n\n\n\n<p><strong>Je\nvous remercie, pour votre aimable attention&nbsp;!<\/strong><\/p>\n\n\n\n<p><\/p>\n","protected":false},"excerpt":{"rendered":"<p>Le Ministre d&rsquo;Etat, Ministre de la D\u00e9fense Nationale assiste \u00e0 la 9\u00e8me conf\u00e9rence sur la s\u00e9curit\u00e9 internationale qui se tient dans la capitale russe. Dans le discours qu&rsquo;il a tenu pour la circonstance, Dr Mohamed Dian\u00e9 a \u00e9voqu\u00e9 les probl\u00e8mes s\u00e9curitaires auxquels sont confront\u00e9s les Etats africains. Nous vous proposons ci-dessous l&rsquo;int\u00e9gralit\u00e9 de son discours [&hellip;]<\/p>\n","protected":false},"author":3,"featured_media":5785,"comment_status":"open","ping_status":"open","sticky":false,"template":"","format":"standard","meta":{"footnotes":""},"categories":[2],"tags":[],"class_list":["post-35440","post","type-post","status-publish","format-standard","has-post-thumbnail","hentry","category-actualites"],"_links":{"self":[{"href":"https:\/\/www.friaguinee.net\/index.php\/wp-json\/wp\/v2\/posts\/35440","targetHints":{"allow":["GET"]}}],"collection":[{"href":"https:\/\/www.friaguinee.net\/index.php\/wp-json\/wp\/v2\/posts"}],"about":[{"href":"https:\/\/www.friaguinee.net\/index.php\/wp-json\/wp\/v2\/types\/post"}],"author":[{"embeddable":true,"href":"https:\/\/www.friaguinee.net\/index.php\/wp-json\/wp\/v2\/users\/3"}],"replies":[{"embeddable":true,"href":"https:\/\/www.friaguinee.net\/index.php\/wp-json\/wp\/v2\/comments?post=35440"}],"version-history":[{"count":3,"href":"https:\/\/www.friaguinee.net\/index.php\/wp-json\/wp\/v2\/posts\/35440\/revisions"}],"predecessor-version":[{"id":35447,"href":"https:\/\/www.friaguinee.net\/index.php\/wp-json\/wp\/v2\/posts\/35440\/revisions\/35447"}],"wp:featuredmedia":[{"embeddable":true,"href":"https:\/\/www.friaguinee.net\/index.php\/wp-json\/wp\/v2\/media\/5785"}],"wp:attachment":[{"href":"https:\/\/www.friaguinee.net\/index.php\/wp-json\/wp\/v2\/media?parent=35440"}],"wp:term":[{"taxonomy":"category","embeddable":true,"href":"https:\/\/www.friaguinee.net\/index.php\/wp-json\/wp\/v2\/categories?post=35440"},{"taxonomy":"post_tag","embeddable":true,"href":"https:\/\/www.friaguinee.net\/index.php\/wp-json\/wp\/v2\/tags?post=35440"}],"curies":[{"name":"wp","href":"https:\/\/api.w.org\/{rel}","templated":true}]}}