{"id":35367,"date":"2021-06-23T13:31:39","date_gmt":"2021-06-23T13:31:39","guid":{"rendered":"http:\/\/www.friaguinee.net\/?p=35367"},"modified":"2021-06-23T13:31:40","modified_gmt":"2021-06-23T13:31:40","slug":"madic-100frontieres-dans-les-gg-cest-un-jeune-qui-a-fait-une-erreur-et-qui-a-reconnu-ses-erreurs","status":"publish","type":"post","link":"https:\/\/www.friaguinee.net\/index.php\/2021\/06\/23\/madic-100frontieres-dans-les-gg-cest-un-jeune-qui-a-fait-une-erreur-et-qui-a-reconnu-ses-erreurs\/","title":{"rendered":"Madic  100fronti\u00e8res dans les GG : \u00ab C\u2019est un jeune qui a fait une erreur et qui a reconnu ses erreurs \u00bb"},"content":{"rendered":"\n<p>L\u2019activiste Mamadi Cond\u00e9 alias Madic sans fronti\u00e8re \u00e9tait l\u2019invit\u00e9 dans l\u2019\u00e9mission\n\u00ab&nbsp;les grandes gueules&nbsp;\u00bb d\u2019ESPACE TV de ce mercredi 23 juin 2021. R\u00e9pondant\naux chroniqueurs, l\u2019activiste a affirm\u00e9 &nbsp;que \u00ab&nbsp;c\u2019est un jeune qui a fait une\nerreur et qui a reconnu ses erreurs&nbsp;\u00bb<\/p>\n\n\n\n<p>\u00ab&nbsp;Mon premier mot d\u2019abord c\u2019est encore de dire merci infiniment et\nsinc\u00e8rement le pr\u00e9sident de la r\u00e9publique de m\u2019avoir graci\u00e9. J\u2019avais demand\u00e9\npardon en justice(\u2026) c\u2019\u00e9tait de dire au pr\u00e9sident aussi que c\u2019est un jeune qui\na fait une erreur, qui a reconnu ses erreurs et qui demande pardon au pr\u00e9sident\nde la r\u00e9publique et il a accept\u00e9 et je suis content parce que c\u2019est un signe de\npaix et de r\u00e9conciliation&nbsp;\u00bb a-t-il d\u00e9clar\u00e9<\/p>\n\n\n\n<h5 class=\"wp-block-heading\">Mohamed pour Friaguinee.net<\/h5>\n\n\n\n<h1 class=\"wp-block-heading\">&nbsp;<\/h1>\n\n\n\n<h1 class=\"wp-block-heading\">&nbsp;<\/h1>\n\n\n\n<p><\/p>\n","protected":false},"excerpt":{"rendered":"<p>L\u2019activiste Mamadi Cond\u00e9 alias Madic sans fronti\u00e8re \u00e9tait l\u2019invit\u00e9 dans l\u2019\u00e9mission \u00ab&nbsp;les grandes gueules&nbsp;\u00bb d\u2019ESPACE TV de ce mercredi 23 juin 2021. R\u00e9pondant aux chroniqueurs, l\u2019activiste a affirm\u00e9 &nbsp;que \u00ab&nbsp;c\u2019est un jeune qui a fait une erreur et qui a reconnu ses erreurs&nbsp;\u00bb \u00ab&nbsp;Mon premier mot d\u2019abord c\u2019est encore de dire merci infiniment et sinc\u00e8rement [&hellip;]<\/p>\n","protected":false},"author":3,"featured_media":35369,"comment_status":"open","ping_status":"open","sticky":false,"template":"","format":"standard","meta":{"footnotes":""},"categories":[2],"tags":[6445,148,7436],"class_list":["post-35367","post","type-post","status-publish","format-standard","has-post-thumbnail","hentry","category-actualites","tag-grandes-gueules","tag-guinee","tag-madic-sans-frontieres"],"_links":{"self":[{"href":"https:\/\/www.friaguinee.net\/index.php\/wp-json\/wp\/v2\/posts\/35367","targetHints":{"allow":["GET"]}}],"collection":[{"href":"https:\/\/www.friaguinee.net\/index.php\/wp-json\/wp\/v2\/posts"}],"about":[{"href":"https:\/\/www.friaguinee.net\/index.php\/wp-json\/wp\/v2\/types\/post"}],"author":[{"embeddable":true,"href":"https:\/\/www.friaguinee.net\/index.php\/wp-json\/wp\/v2\/users\/3"}],"replies":[{"embeddable":true,"href":"https:\/\/www.friaguinee.net\/index.php\/wp-json\/wp\/v2\/comments?post=35367"}],"version-history":[{"count":2,"href":"https:\/\/www.friaguinee.net\/index.php\/wp-json\/wp\/v2\/posts\/35367\/revisions"}],"predecessor-version":[{"id":35371,"href":"https:\/\/www.friaguinee.net\/index.php\/wp-json\/wp\/v2\/posts\/35367\/revisions\/35371"}],"wp:featuredmedia":[{"embeddable":true,"href":"https:\/\/www.friaguinee.net\/index.php\/wp-json\/wp\/v2\/media\/35369"}],"wp:attachment":[{"href":"https:\/\/www.friaguinee.net\/index.php\/wp-json\/wp\/v2\/media?parent=35367"}],"wp:term":[{"taxonomy":"category","embeddable":true,"href":"https:\/\/www.friaguinee.net\/index.php\/wp-json\/wp\/v2\/categories?post=35367"},{"taxonomy":"post_tag","embeddable":true,"href":"https:\/\/www.friaguinee.net\/index.php\/wp-json\/wp\/v2\/tags?post=35367"}],"curies":[{"name":"wp","href":"https:\/\/api.w.org\/{rel}","templated":true}]}}