{"id":35270,"date":"2021-06-19T10:18:11","date_gmt":"2021-06-19T10:18:11","guid":{"rendered":"http:\/\/www.friaguinee.net\/?p=35270"},"modified":"2021-06-19T10:18:13","modified_gmt":"2021-06-19T10:18:13","slug":"grace-accordee-a-deux-opposants-alpha-conde-veut-se-servir-de-cette-situation-pour-se-donner-limage-dun-homme-de-paix","status":"publish","type":"post","link":"https:\/\/www.friaguinee.net\/index.php\/2021\/06\/19\/grace-accordee-a-deux-opposants-alpha-conde-veut-se-servir-de-cette-situation-pour-se-donner-limage-dun-homme-de-paix\/","title":{"rendered":"Gr\u00e2ce accord\u00e9e \u00e0 deux opposants : \u00ab\u00a0Alpha Cond\u00e9 veut se servir de cette situation pour se  donner l&rsquo;image d&rsquo;un homme de paix\u00a0\u00bb"},"content":{"rendered":"\n<p>Par un d\u00e9cret lu \u00e0 la T\u00e9l\u00e9vision nationale ce vendredi 18 juin,  le despote Alpha Cond\u00e9 a lib\u00e9r\u00e9 deux de ses otages \u00e0 savoir Boubacar Diallo alias Grenade et Mamady Cond\u00e9 alias Madic 100 Fronti\u00e8re. S&rsquo;il faut se rejouir de la fin du calvaire de ces deux compatriotes, l&rsquo;on ne doit cependant pas perdre de vue qu&rsquo;ils ont \u00e9t\u00e9 victimes d&rsquo;une grave injustice, d&rsquo;une part, et que, d&rsquo;autre part, Alpha Cond\u00e9 veut se servir de cette situation pour se  donner l&rsquo;image d&rsquo;un homme de paix.<\/p>\n\n\n\n<p>En r\u00e9alit\u00e9, les choses sont d&rsquo;une simplicit\u00e9 d\u00e9concertante. Il fait arr\u00eater des citoyens oppos\u00e9s \u00e0 son r\u00e9gime par des procureurs \u00e0 sa solde, les fait condamner par des juges aux ordres et les fait emprisonner. Par la suite des hommes de l&rsquo;ombre entrent en action. Ils font croire aux d\u00e9tenus qu&rsquo;ils sont abandonn\u00e9s par les organisations dont ils sont membres et que seul le dictateur Alpha Cond\u00e9 pourrait leur rendre leur libert\u00e9 \u00e0 condition bien entendu qu&rsquo;ils reconnaissent les faits qui leur sont reproch\u00e9s et se confondent en excuses. Certains d\u00e9tenus d\u00e9sesp\u00e9r\u00e9s, ne croyant plus en la justice de leur pays, finissent par tomber dans le pi\u00e8ge en oubliant que c&rsquo;est Alpha Cond\u00e9 lui-m\u00eame qui est la cause de leur malheur et personne d&rsquo;autre. <\/p>\n\n\n\n<p>Ainsi, le d\u00e9mon devient un ange aux yeux de bon nombre de Guin\u00e9ens. Surtout que les partisans du pouvoir ne manqueront pas de surfer sur cet \u00a0\u00bb acte de pardon \u00a0\u00bb du dictateur pour magnifier son \u00ab\u00a0humanisme\u00a0\u00bb, sa \u00ab\u00a0bont\u00e9\u00a0\u00bb,  son \u00ab\u00a0esprit de paix\u00a0\u00bb. Ce dernier va esp\u00e9rer ainsi redorer son image ternie par le caract\u00e8re criminel et dictatorial de son r\u00e9gime. C&rsquo;est la m\u00eame m\u00e9thode qu&rsquo;il a utilis\u00e9e dans l&rsquo;affaire de l&rsquo;assassinat du journaliste koula. Mais une chose reste claire: Alpha Cond\u00e9 demeurera toujours un ennemi de la d\u00e9mocratie et de l&rsquo;\u00c9tat de droit. <\/p>\n\n\n\n<p>Son seul souci est de faire dispara\u00eetre totalement toute forme d&rsquo;opposition.  Ce qui se pr\u00e9sente comme un acte d&rsquo;humanisme n&rsquo;est en r\u00e9alit\u00e9 qu&rsquo;une mise en sc\u00e8ne savamment orchestr\u00e9e \u00e0 en  juger par la quasi- concomitance de la publication du d\u00e9cret gr\u00e2ciant \u00ab\u00a0Grenade \u00a0\u00bb et \u00a0\u00bb Madic 100 Fronti\u00e8re \u00a0\u00bb et la publication d&rsquo;une tribune de son griot Tibou Kamara. La mise en sc\u00e8ne est trop grossi\u00e8re et ne peut  tromper personne. <\/p>\n\n\n\n<p>Aujourd&rsquo;hui, Alpha Cond\u00e9 se livre tout simplement \u00e0 un chantage envers les d\u00e9tenus: \u00a0\u00bb vous demandez pardon, je vous gr\u00e2cie. Sinon vous restez en prison ou en exil \u00ab\u00a0. Mais il oublie une chose toute simple : ce qui marche avec certains, ne marchera pas avec tout le monde \u00ab\u00a0. Face \u00e0 lui, il y a des millions de Guin\u00e9ens d\u00e9termin\u00e9s \u00e0 se battre jusqu&rsquo;\u00e0 la victoire finale.<\/p>\n\n\n\n<p>SEKOU KOUNDOUNO responsable des strat\u00e9gies et planification du FNDC<\/p>\n","protected":false},"excerpt":{"rendered":"<p>Par un d\u00e9cret lu \u00e0 la T\u00e9l\u00e9vision nationale ce vendredi 18 juin, le despote Alpha Cond\u00e9 a lib\u00e9r\u00e9 deux de ses otages \u00e0 savoir Boubacar Diallo alias Grenade et Mamady Cond\u00e9 alias Madic 100 Fronti\u00e8re. S&rsquo;il faut se rejouir de la fin du calvaire de ces deux compatriotes, l&rsquo;on ne doit cependant pas perdre de [&hellip;]<\/p>\n","protected":false},"author":2,"featured_media":35271,"comment_status":"open","ping_status":"open","sticky":false,"template":"","format":"standard","meta":{"footnotes":""},"categories":[153],"tags":[293,7410,7419,5742,2208],"class_list":["post-35270","post","type-post","status-publish","format-standard","has-post-thumbnail","hentry","category-opinion","tag-alpha-conde","tag-boubacar-grenade","tag-grace-presidentielle","tag-madic-100frontieres","tag-sekou-koundouno"],"_links":{"self":[{"href":"https:\/\/www.friaguinee.net\/index.php\/wp-json\/wp\/v2\/posts\/35270","targetHints":{"allow":["GET"]}}],"collection":[{"href":"https:\/\/www.friaguinee.net\/index.php\/wp-json\/wp\/v2\/posts"}],"about":[{"href":"https:\/\/www.friaguinee.net\/index.php\/wp-json\/wp\/v2\/types\/post"}],"author":[{"embeddable":true,"href":"https:\/\/www.friaguinee.net\/index.php\/wp-json\/wp\/v2\/users\/2"}],"replies":[{"embeddable":true,"href":"https:\/\/www.friaguinee.net\/index.php\/wp-json\/wp\/v2\/comments?post=35270"}],"version-history":[{"count":1,"href":"https:\/\/www.friaguinee.net\/index.php\/wp-json\/wp\/v2\/posts\/35270\/revisions"}],"predecessor-version":[{"id":35272,"href":"https:\/\/www.friaguinee.net\/index.php\/wp-json\/wp\/v2\/posts\/35270\/revisions\/35272"}],"wp:featuredmedia":[{"embeddable":true,"href":"https:\/\/www.friaguinee.net\/index.php\/wp-json\/wp\/v2\/media\/35271"}],"wp:attachment":[{"href":"https:\/\/www.friaguinee.net\/index.php\/wp-json\/wp\/v2\/media?parent=35270"}],"wp:term":[{"taxonomy":"category","embeddable":true,"href":"https:\/\/www.friaguinee.net\/index.php\/wp-json\/wp\/v2\/categories?post=35270"},{"taxonomy":"post_tag","embeddable":true,"href":"https:\/\/www.friaguinee.net\/index.php\/wp-json\/wp\/v2\/tags?post=35270"}],"curies":[{"name":"wp","href":"https:\/\/api.w.org\/{rel}","templated":true}]}}