{"id":35073,"date":"2021-06-15T13:25:58","date_gmt":"2021-06-15T13:25:58","guid":{"rendered":"http:\/\/www.friaguinee.net\/?p=35073"},"modified":"2021-06-15T13:25:59","modified_gmt":"2021-06-15T13:25:59","slug":"deces-du-general-facinet-toure-alpha-conde-salue-la-memoire-de-lillustre-disparu-et-rend-hommage-a-lune-des-grandes-figures-de-lhistoire-du-pays","status":"publish","type":"post","link":"https:\/\/www.friaguinee.net\/index.php\/2021\/06\/15\/deces-du-general-facinet-toure-alpha-conde-salue-la-memoire-de-lillustre-disparu-et-rend-hommage-a-lune-des-grandes-figures-de-lhistoire-du-pays\/","title":{"rendered":"D\u00e9c\u00e8s du G\u00e9n\u00e9ral Facinet Tour\u00e9 : Alpha Cond\u00e9 salue la m\u00e9moire de l\u2019illustre disparu, et rend hommage \u00e0 l\u2019une des grandes figures de l\u2019histoire du pays"},"content":{"rendered":"\n<p>Monsieur le Pr\u00e9sident de la R\u00e9publique, son Excellence Professeur Alpha Cond\u00e9, et le Gouvernement ont&nbsp;appris avec une profonde affliction,&nbsp;le d\u00e9c\u00e8s du G\u00e9n\u00e9ral Facinet Tour\u00e9 survenu le lundi 15 juin 2021 des suites de maladie.<\/p>\n\n\n\n<p>Monsieur le Pr\u00e9sident de la R\u00e9publique, au nom du Gouvernement, du peuple de Guin\u00e9e ainsi qu\u2019\u00e0 son nom propre, pr\u00e9sente les condol\u00e9ances les plus \u00e9mues \u00e0 ses proches, \u00e0 la famille \u00e9plor\u00e9e, aux forces arm\u00e9es guin\u00e9ennes et \u00e0 tout le peuple de Guin\u00e9e. Il leur exprime, en cette douloureuse circonstance, toute sa solidarit\u00e9 et sa sinc\u00e8re compassion.<\/p>\n\n\n\n<p>Le Pr\u00e9sident de la R\u00e9publique salue la m\u00e9moire de l\u2019illustre disparu, et rend hommage \u00e0 l\u2019une des grandes figures de l\u2019histoire du pays, dont le nom restera \u00e0 jamais associ\u00e9 \u00e0 des \u00e9v\u00e9nements majeurs qui ont marqu\u00e9 la vie de la nation.<\/p>\n\n\n\n<p>Paix, \u00e0 l\u2019\u00e2me de notre regrett\u00e9 G\u00e9n\u00e9ral Facinet Tour\u00e9.<\/p>\n\n\n\n<p><strong>Tibou Kamara, Ministre d\u2019<\/strong><strong>\u00c9tat<\/strong><\/p>\n\n\n\n<p><strong>Conseiller personnel du Pr\u00e9sident de la R\u00e9publique<\/strong><\/p>\n\n\n\n<p><strong>Ministre de l\u2019Industrie et des PME<\/strong><ins><\/ins><\/p>\n\n\n\n<p><strong>Porte-parole du Gouvernement<\/strong><\/p>\n","protected":false},"excerpt":{"rendered":"<p>Monsieur le Pr\u00e9sident de la R\u00e9publique, son Excellence Professeur Alpha Cond\u00e9, et le Gouvernement ont&nbsp;appris avec une profonde affliction,&nbsp;le d\u00e9c\u00e8s du G\u00e9n\u00e9ral Facinet Tour\u00e9 survenu le lundi 15 juin 2021 des suites de maladie. Monsieur le Pr\u00e9sident de la R\u00e9publique, au nom du Gouvernement, du peuple de Guin\u00e9e ainsi qu\u2019\u00e0 son nom propre, pr\u00e9sente les [&hellip;]<\/p>\n","protected":false},"author":2,"featured_media":35074,"comment_status":"open","ping_status":"open","sticky":false,"template":"","format":"standard","meta":{"footnotes":""},"categories":[151],"tags":[293,2209,1928,4156,148],"class_list":["post-35073","post","type-post","status-publish","format-standard","has-post-thumbnail","hentry","category-necrologie","tag-alpha-conde","tag-condoleances","tag-deces","tag-facinet-toure","tag-guinee"],"_links":{"self":[{"href":"https:\/\/www.friaguinee.net\/index.php\/wp-json\/wp\/v2\/posts\/35073","targetHints":{"allow":["GET"]}}],"collection":[{"href":"https:\/\/www.friaguinee.net\/index.php\/wp-json\/wp\/v2\/posts"}],"about":[{"href":"https:\/\/www.friaguinee.net\/index.php\/wp-json\/wp\/v2\/types\/post"}],"author":[{"embeddable":true,"href":"https:\/\/www.friaguinee.net\/index.php\/wp-json\/wp\/v2\/users\/2"}],"replies":[{"embeddable":true,"href":"https:\/\/www.friaguinee.net\/index.php\/wp-json\/wp\/v2\/comments?post=35073"}],"version-history":[{"count":1,"href":"https:\/\/www.friaguinee.net\/index.php\/wp-json\/wp\/v2\/posts\/35073\/revisions"}],"predecessor-version":[{"id":35075,"href":"https:\/\/www.friaguinee.net\/index.php\/wp-json\/wp\/v2\/posts\/35073\/revisions\/35075"}],"wp:featuredmedia":[{"embeddable":true,"href":"https:\/\/www.friaguinee.net\/index.php\/wp-json\/wp\/v2\/media\/35074"}],"wp:attachment":[{"href":"https:\/\/www.friaguinee.net\/index.php\/wp-json\/wp\/v2\/media?parent=35073"}],"wp:term":[{"taxonomy":"category","embeddable":true,"href":"https:\/\/www.friaguinee.net\/index.php\/wp-json\/wp\/v2\/categories?post=35073"},{"taxonomy":"post_tag","embeddable":true,"href":"https:\/\/www.friaguinee.net\/index.php\/wp-json\/wp\/v2\/tags?post=35073"}],"curies":[{"name":"wp","href":"https:\/\/api.w.org\/{rel}","templated":true}]}}