{"id":34932,"date":"2021-06-10T17:30:58","date_gmt":"2021-06-10T17:30:58","guid":{"rendered":"http:\/\/www.friaguinee.net\/?p=34932"},"modified":"2021-06-10T17:31:00","modified_gmt":"2021-06-10T17:31:00","slug":"sahel-emmanuel-macron-annonce-la-fin-de-loperation-barkhane","status":"publish","type":"post","link":"https:\/\/www.friaguinee.net\/index.php\/2021\/06\/10\/sahel-emmanuel-macron-annonce-la-fin-de-loperation-barkhane\/","title":{"rendered":"Sahel : Emmanuel Macron annonce la fin de l&rsquo;op\u00e9ration Barkhane"},"content":{"rendered":"\n<p>C&rsquo;est un tournant majeur qui se pr\u00e9pare&nbsp;dans la lutte contre le jihadisme dans le Sahel. Emmanuel Macron a annonc\u00e9, jeudi 10&nbsp;juin, une amorce de r\u00e9duction de&nbsp;<a href=\"https:\/\/www.france24.com\/fr\/info-en-continu\/20210603-la-france-suspend-ses-op%C3%A9rations-militaires-conjointes-avec-l-arm%C3%A9e-malienne-minist%C3%A8re-des-arm%C3%A9es\">l&rsquo;op\u00e9ration militaire antijihadiste Barkhane<\/a>, notamment au Mali,&nbsp;<a href=\"https:\/\/www.france24.com\/fr\/afrique\/20210607-jour-d-investiture-pour-le-colonel-go%C3%AFta-qui-va-s-installer-%C3%A0-la-t%C3%AAte-du-mali\">frapp\u00e9 par un r\u00e9cent coup d&rsquo;\u00c9tat<\/a>, lors d&rsquo;une conf\u00e9rence de presse \u00e0 l&rsquo;\u00c9lys\u00e9e en amont du G7.<\/p>\n\n\n\n<p>\u00ab\u00a0\u00c0&nbsp;l&rsquo;issue de consultations (..) nous amorcerons une transformation profonde de notre pr\u00e9sence militaire au Sahel\u00a0\u00bb, a expliqu\u00e9 le pr\u00e9sident fran\u00e7ais, annon\u00e7ant la \u00ab\u00a0fin de l&rsquo;op\u00e9ration Barkhane en tant qu&rsquo;op\u00e9ration ext\u00e9rieure\u00a0\u00bb et la mise en oeuvre \u00ab\u00a0d&rsquo;une alliance internationale associant les \u00c9tats de la r\u00e9gion\u00a0\u00bb.<\/p>\n\n\n\n<p>Cette \u00ab\u00a0transformation\u00a0\u00bb va notamment passer par la fermeture de bases de l&rsquo;arm\u00e9e fran\u00e7aise et par la priorit\u00e9 donn\u00e9e \u00e0 la lutte contre les jihadistes par les forces sp\u00e9ciales.<\/p>\n\n\n\n<p>\u00ab\u00a0Ce n&rsquo;est pas un retrait mais une \u00e9volution\u00a0\u00bb, pr\u00e9cise le d\u00e9put\u00e9 Thomas Gassilloud&nbsp;de la commission de la&nbsp;d\u00e9fense&nbsp;nationale et des forces arm\u00e9es, sur l&rsquo;antenne de France 24.<\/p>\n\n\n\n<p>Le calendrier et les modalit\u00e9s de la fin de l&rsquo;op\u00e9ration Barkhane seront d\u00e9voil\u00e9s fin juin, selon le chef de l&rsquo;\u00c9tat.&nbsp;<\/p>\n\n\n\n<p>\u00ab\u00a0\u00c9videmment, la France n&rsquo;a pas vocation \u00e0 rester \u00e9ternellement au Sahel (&#8230;). Il est vraisemblable qu&rsquo;il faille adapter le dispositif Barkhane\u00a0\u00bb, avait d\u00e9clar\u00e9 un peu plus t\u00f4t&nbsp;le ministre fran\u00e7ais des Affaires \u00e9trang\u00e8res, Jean-Yves Le Drian, en d\u00e9placement \u00e0 Abidjan, sans plus de pr\u00e9cisions.<\/p>\n\n\n\n<p>L&rsquo;op\u00e9ration Barkhane et la situation au Sahel \u00e9taient au menu d&rsquo;une r\u00e9union du conseil de D\u00e9fense mercredi, selon plusieurs sources consult\u00e9es par l&rsquo;AFP, ayant toutes requis l&rsquo;anonymat.<\/p>\n\n\n\n<p>Paris d\u00e9ploie quelque 5&nbsp;100&nbsp;soldats contre les jihadistes affili\u00e9s au groupe \u00c9tat islamique et \u00e0 Al-Qa\u00efda, un soutien de taille aux arm\u00e9es affaiblies des \u00c9tats du Sahel qui peinent \u00e0 les combattre seules.<\/p>\n\n\n\n<p>Mi-f\u00e9vrier, lors d&rsquo;un sommet \u00e0 N&rsquo;Djamena avec les partenaires du&nbsp;<a href=\"https:\/\/www.france24.com\/fr\/vid%C3%A9o\/20210215-sommet-de-g5-sahel-au-tchad-l-avenir-de-l-op%C3%A9ration-barkhane-au-c%C5%93ur-de-la-r%C3%A9union\">G5 Sahel<\/a>&nbsp;(Tchad, Mali, Burkina Faso, Niger, Mauritanie), le pr\u00e9sident fran\u00e7ais avait annonc\u00e9 que Paris ne comptait pas r\u00e9duire \u00ab\u00a0dans l&rsquo;imm\u00e9diat\u00a0\u00bb les effectifs de Barkhane.<\/p>\n\n\n\n<p>Il avait toutefois esquiss\u00e9 une strat\u00e9gie de sortie, \u00e0 la faveur de renforts europ\u00e9ens pr\u00eats \u00e0 les rejoindre, alors que la France combat massivement les jihadistes au Sahel depuis d\u00e9but&nbsp;2013.<\/p>\n\n\n\n<p><strong>Pas de n\u00e9gociations avec les jihadistes<\/strong><\/p>\n\n\n\n<p>La France a engrang\u00e9 des succ\u00e8s tangibles contre l&rsquo;\u00c9tat islamique au Grand Sahara (EIGS) et les organisations affili\u00e9es \u00e0 Al-Qa\u00efda regroup\u00e9es au sein du GSIM (Groupe de soutien \u00e0 l&rsquo;islam et aux musulmans), sans enrayer toutefois la spirale jihadiste.<\/p>\n\n\n\n<p>\u00c0 l&rsquo;approche de l&rsquo;\u00e9lection pr\u00e9sidentielle de 2022, cet effort militaire de longue haleine suscite aussi des interrogations croissantes en France, alors que 50 soldats ont \u00e9t\u00e9 tu\u00e9s au combat depuis 2013.<\/p>\n\n\n\n<p>Le chef du GSIM, Iyad Ag Ghaly, responsable de tr\u00e8s nombreuses attaques au Burkina, au Mali et au Niger, appara\u00eet d\u00e9sormais comme l&rsquo;objectif prioritaire de Barkhane.<\/p>\n\n\n\n<p>\u00ab\u00a0Clairement, aujourd&rsquo;hui, c&rsquo;est Iyad Ag Ghali qui est la priorit\u00e9 num\u00e9ro une (&#8230;). Pour nous c&rsquo;est la personne qu&rsquo;il faut absolument r\u00e9ussir \u00e0 capturer, voire neutraliser si ce n&rsquo;est pas possible de le capturer, dans les prochains mois\u00a0\u00bb, soulignait le commandant des op\u00e9rations sp\u00e9ciales, le g\u00e9n\u00e9ral Eric Vidaud, le 3 juin sur France 24.<\/p>\n\n\n\n<p>La situation s&rsquo;est compliqu\u00e9e ces derni\u00e8res semaines, d&rsquo;une part avec&nbsp;<a href=\"https:\/\/www.france24.com\/fr\/afrique\/20210421-avec-la-mort-d-idriss-d%C3%A9by-la-france-perd-un-alli%C3%A9-cl%C3%A9-de-l-op%C3%A9ration-barkhane-au-sahel\">la mort brutale du pr\u00e9sident Idriss D\u00e9by au Tchad<\/a>, et surtout le deuxi\u00e8me coup d&rsquo;\u00c9tat en huit mois au Mali, pays central de l&rsquo;op\u00e9ration Barkhane.<\/p>\n\n\n\n<p>Les soubresauts politiques au Mali interrogent la pr\u00e9sence fran\u00e7aise, notamment car une partie des dirigeants maliens souhaitent entamer&nbsp;<a href=\"https:\/\/www.france24.com\/fr\/afrique\/20210530-macron-menace-de-retirer-les-soldats-fran%C3%A7ais-si-le-mali-va-dans-le-sens-de-l-islamisme-radical\">un processus de n\u00e9gociation avec certains groupes jihadistes<\/a>.<\/p>\n\n\n\n<p>La France a d\u00e9j\u00e0 annonc\u00e9 le gel de ses op\u00e9rations conjointes avec l&rsquo;arm\u00e9e malienne pour condamner le coup d&rsquo;\u00c9tat, et soutient les pressions internationales exerc\u00e9es par la C\u00e9d\u00e9ao et l&rsquo;Union africaine pour pousser les autorit\u00e9s maliennes \u00e0 organiser une transition vers un pouvoir civil et des \u00e9lections en 2022.<\/p>\n\n\n\n<p>L&rsquo;op\u00e9ration Barkhane dispose de plusieurs bases au Mali, dont certaines pourraient \u00eatre ferm\u00e9es \u00e0 moyen terme.<\/p>\n\n\n\n<p>La mission des \u00c9tats ouest-africains d\u00e9p\u00each\u00e9e au Mali apr\u00e8s le deuxi\u00e8me coup d&rsquo;\u00c9tat militaire s&rsquo;est dite \u00ab\u00a0rassur\u00e9e\u00a0\u00bb par les engagements pris par le nouveau pr\u00e9sident, le colonel Assimi Go\u00efta, quant \u00e0 un retour des civils au pouvoir d\u00e9but&nbsp;2022.<\/p>\n\n\n\n<p><strong>R\u00e9partir l\u2019effort de guerre<\/strong><\/p>\n\n\n\n<p>L&rsquo;op\u00e9ration Barkhane dispose de plusieurs bases au Mali dont certaines pourraient \u00eatre ferm\u00e9es \u00e0 moyen terme, selon deux sources. \u00c0&nbsp;l&rsquo;horizon 2023, les effectifs fran\u00e7ais devraient tourner autour de 2&nbsp;500&nbsp;personnes, selon l&rsquo;une de ces sources.<\/p>\n\n\n\n<p>Deux d&rsquo;entre elles ont aussi \u00e9voqu\u00e9 un \u00e9ventuel sommet des diff\u00e9rents pays europ\u00e9ens pour discuter de l&rsquo;avenir de l&rsquo;engagement militaire au Sahel.<\/p>\n\n\n\n<p>Paris compte sur l'\u00a0\u00bbinternationalisation\u00a0\u00bb de l&rsquo;effort d&rsquo;accompagnement au combat des forces locales, sous-\u00e9quip\u00e9es et sous-entra\u00een\u00e9es.&nbsp;<\/p>\n\n\n\n<p>La France mise tout particuli\u00e8rement sur la mont\u00e9e en puissance du&nbsp;<a href=\"https:\/\/www.france24.com\/fr\/afrique\/20210205-les-soldats-su%C3%A9dois-rejoignent-la-force-europ%C3%A9enne-takuba-au-mali\">groupement de forces sp\u00e9ciales europ\u00e9ennes Takuba<\/a>, qu&rsquo;elle a initi\u00e9e et qui rassemble aujourd&rsquo;hui au Mali 600 hommes, dont une moiti\u00e9 de Fran\u00e7ais, ainsi que quelques dizaines d&rsquo;Estoniens et de Tch\u00e8ques et pr\u00e8s de 140 Su\u00e9dois.&nbsp;<\/p>\n\n\n\n<p>L&rsquo;Italie a promis jusqu&rsquo;\u00e0 200 soldats, le Danemark une centaine et plusieurs autres pays, dont la Gr\u00e8ce, la Hongrie ou encore la Serbie, ont exprim\u00e9 leur int\u00e9r\u00eat.&nbsp;<\/p>\n\n\n\n<p>Mais apr\u00e8s le second coup d&rsquo;\u00c9tat en mai au Mali, la France a pour l&rsquo;heure gel\u00e9 cette mission d&rsquo;accompagnement au combat des forces arm\u00e9es maliennes.&nbsp;<\/p>\n\n\n\n<p>\u00ab\u00a0Notre objectif c&rsquo;est d&rsquo;arriver \u00e0 2 000 hommes sur Takuba, avec un pilier fran\u00e7ais autour de 500 hommes, dans la dur\u00e9e, et une coop\u00e9ration avec les arm\u00e9es de la r\u00e9gion, avec plusieurs emprises (bases militaires, NDLR) mais \u00e0 chaque fois en appui, avec des militaires qui seraient l\u00e0 dans la dur\u00e9e aux c\u00f4t\u00e9s des militaires sah\u00e9liens, ce qui est une logique diff\u00e9rente de celle des opex\u00a0\u00bb (op\u00e9rations ext\u00e9rieures, NDLR), avait expliqu\u00e9 en f\u00e9vrier le pr\u00e9sident fran\u00e7ais Emmanuel Macron.<\/p>\n\n\n\n<p>Avec AFP<\/p>\n","protected":false},"excerpt":{"rendered":"<p>C&rsquo;est un tournant majeur qui se pr\u00e9pare&nbsp;dans la lutte contre le jihadisme dans le Sahel. Emmanuel Macron a annonc\u00e9, jeudi 10&nbsp;juin, une amorce de r\u00e9duction de&nbsp;l&rsquo;op\u00e9ration militaire antijihadiste Barkhane, notamment au Mali,&nbsp;frapp\u00e9 par un r\u00e9cent coup d&rsquo;\u00c9tat, lors d&rsquo;une conf\u00e9rence de presse \u00e0 l&rsquo;\u00c9lys\u00e9e en amont du G7. \u00ab\u00a0\u00c0&nbsp;l&rsquo;issue de consultations (..) nous amorcerons une [&hellip;]<\/p>\n","protected":false},"author":2,"featured_media":34934,"comment_status":"open","ping_status":"open","sticky":false,"template":"","format":"standard","meta":{"footnotes":""},"categories":[42],"tags":[7326,2297,413,7325],"class_list":["post-34932","post","type-post","status-publish","format-standard","has-post-thumbnail","hentry","category-afrique","tag-barkhane","tag-emmanuel-macron","tag-operation","tag-sahel"],"_links":{"self":[{"href":"https:\/\/www.friaguinee.net\/index.php\/wp-json\/wp\/v2\/posts\/34932","targetHints":{"allow":["GET"]}}],"collection":[{"href":"https:\/\/www.friaguinee.net\/index.php\/wp-json\/wp\/v2\/posts"}],"about":[{"href":"https:\/\/www.friaguinee.net\/index.php\/wp-json\/wp\/v2\/types\/post"}],"author":[{"embeddable":true,"href":"https:\/\/www.friaguinee.net\/index.php\/wp-json\/wp\/v2\/users\/2"}],"replies":[{"embeddable":true,"href":"https:\/\/www.friaguinee.net\/index.php\/wp-json\/wp\/v2\/comments?post=34932"}],"version-history":[{"count":2,"href":"https:\/\/www.friaguinee.net\/index.php\/wp-json\/wp\/v2\/posts\/34932\/revisions"}],"predecessor-version":[{"id":34935,"href":"https:\/\/www.friaguinee.net\/index.php\/wp-json\/wp\/v2\/posts\/34932\/revisions\/34935"}],"wp:featuredmedia":[{"embeddable":true,"href":"https:\/\/www.friaguinee.net\/index.php\/wp-json\/wp\/v2\/media\/34934"}],"wp:attachment":[{"href":"https:\/\/www.friaguinee.net\/index.php\/wp-json\/wp\/v2\/media?parent=34932"}],"wp:term":[{"taxonomy":"category","embeddable":true,"href":"https:\/\/www.friaguinee.net\/index.php\/wp-json\/wp\/v2\/categories?post=34932"},{"taxonomy":"post_tag","embeddable":true,"href":"https:\/\/www.friaguinee.net\/index.php\/wp-json\/wp\/v2\/tags?post=34932"}],"curies":[{"name":"wp","href":"https:\/\/api.w.org\/{rel}","templated":true}]}}