{"id":34903,"date":"2021-06-10T10:44:11","date_gmt":"2021-06-10T10:44:11","guid":{"rendered":"http:\/\/www.friaguinee.net\/?p=34903"},"modified":"2021-06-10T10:44:13","modified_gmt":"2021-06-10T10:44:13","slug":"france-macron-demande-a-expulser-les-etrangers-en-situation-irreguliere","status":"publish","type":"post","link":"https:\/\/www.friaguinee.net\/index.php\/2021\/06\/10\/france-macron-demande-a-expulser-les-etrangers-en-situation-irreguliere\/","title":{"rendered":"France : Macron demande \u00e0 expulser les \u00e9trangers en situation irr\u00e9guli\u00e8re"},"content":{"rendered":"\n<p>Le chef de l&rsquo;Etat, qui au d\u00e9but de son quinquennat \u00e9voquait l&rsquo;objectif d&rsquo;un taux d&rsquo;ex\u00e9cution de 100% des reconduites \u00e0 la fronti\u00e8re, a r\u00e9clam\u00e9 mercredi des mesures \u00ab\u00a0op\u00e9rationnelles tr\u00e8s rapidement\u00a0\u00bb.<\/p>\n\n\n\n<p>Il envoie un signal sur le plan s\u00e9curitaire. Emmanuel Macron a r\u00e9uni le Premier ministre, les ministres de l&rsquo;Int\u00e9rieur, des Affaires \u00e9trang\u00e8res et une repr\u00e9sentante du ministre de la Justice,&nbsp;mercredi 9&nbsp;juin,&nbsp;pour r\u00e9clamer une meilleure efficacit\u00e9 des expulsions d&rsquo;<a href=\"https:\/\/www.francetvinfo.fr\/societe\/immigration\/\">\u00e9trangers<\/a>&nbsp;en situation irr\u00e9guli\u00e8re, a annonc\u00e9 l&rsquo;Elys\u00e9e.<\/p>\n\n\n\n<p><em>\u00ab\u00a0Les demandes d&rsquo;asile sont de plus en plus d\u00e9tourn\u00e9es&nbsp;: les \u00e9trangers demandent syst\u00e9matiquement l&rsquo;asile en sachant que l&rsquo;examen de leur dossier dure plusieurs mois et qu&rsquo;ils sont pris en charge de mani\u00e8re tr\u00e8s avantageuse\u00a0\u00bb<\/em>, a estim\u00e9 un conseiller.&nbsp;<em>\u00ab\u00a0Or, le taux d&rsquo;acceptabilit\u00e9 de l&rsquo;immigration dans notre pays est de plus en plus bas\u00a0\u00bb<\/em>, a-t-il relev\u00e9.&nbsp;Sur environ 120&nbsp;000&nbsp;demandeurs d&rsquo;asile par an, 20&nbsp;000 obtiennent le statut de r\u00e9fugi\u00e9s, 20&nbsp;000 repartent et 80&nbsp;000 se maintiennent ill\u00e9galement sur le territoire.<\/p>\n\n\n\n<h2 class=\"wp-block-heading\">Des mesures \u00ab\u00a0op\u00e9rationnelles\u00a0\u00bb \u00e0 venir<\/h2>\n\n\n\n<p>Aussi, le chef de l&rsquo;Etat a-t-il demand\u00e9 aux ministres<em>&nbsp;\u00ab\u00a0d&rsquo;activer de mani\u00e8re volontariste les dispositifs en vigueur\u00a0\u00bb<\/em>&nbsp;et d&rsquo;intensifier les n\u00e9gociations avec les pays d&rsquo;origine pour qu&rsquo;ils acceptent le retour de davantage de leurs ressortissants.&nbsp;Fin 2020, la commissaire europ\u00e9enne aux Affaires int\u00e9rieures avait estim\u00e9 devant le S\u00e9nat que le taux d&rsquo;ex\u00e9cution moyen d&rsquo;une d\u00e9cision d&rsquo;expulsion est de 30% en Europe mais chute \u00e0<em>&nbsp;\u00ab\u00a013, 14% pour la France\u00a0\u00bb<\/em>, alors que l&rsquo;Elys\u00e9e avance le chiffre de 15,3%.<\/p>\n\n\n\n<p>Le chef de l&rsquo;Etat, qui au d\u00e9but de son quinquennat \u00e9voquait l&rsquo;objectif d&rsquo;un taux d&rsquo;ex\u00e9cution de 100%, a r\u00e9clam\u00e9 des mesures<em>\u00a0\u00ab\u00a0op\u00e9rationnelles tr\u00e8s rapidement\u00a0\u00bb<\/em>, en ciblant en priorit\u00e9 l&rsquo;expulsion des \u00e9trangers irr\u00e9guliers auteurs d&rsquo;actes de terrorisme ou fich\u00e9s pour radicalisation ainsi que ceux ayant commis des crimes et d\u00e9lits et autres infractions graves. L&rsquo;objectif est de les emmener directement \u00e0 l&rsquo;a\u00e9roport d\u00e8s leur sortie de prison, gr\u00e2ce \u00e0 une coordination des administrations.<\/p>\n\n\n\n<p>FITV<\/p>\n","protected":false},"excerpt":{"rendered":"<p>Le chef de l&rsquo;Etat, qui au d\u00e9but de son quinquennat \u00e9voquait l&rsquo;objectif d&rsquo;un taux d&rsquo;ex\u00e9cution de 100% des reconduites \u00e0 la fronti\u00e8re, a r\u00e9clam\u00e9 mercredi des mesures \u00ab\u00a0op\u00e9rationnelles tr\u00e8s rapidement\u00a0\u00bb. Il envoie un signal sur le plan s\u00e9curitaire. Emmanuel Macron a r\u00e9uni le Premier ministre, les ministres de l&rsquo;Int\u00e9rieur, des Affaires \u00e9trang\u00e8res et une repr\u00e9sentante [&hellip;]<\/p>\n","protected":false},"author":2,"featured_media":34905,"comment_status":"open","ping_status":"open","sticky":false,"template":"","format":"standard","meta":{"footnotes":""},"categories":[43],"tags":[2297,7319,7318],"class_list":["post-34903","post","type-post","status-publish","format-standard","has-post-thumbnail","hentry","category-monde","tag-emmanuel-macron","tag-expulsion-etrangers","tag-frnace"],"_links":{"self":[{"href":"https:\/\/www.friaguinee.net\/index.php\/wp-json\/wp\/v2\/posts\/34903","targetHints":{"allow":["GET"]}}],"collection":[{"href":"https:\/\/www.friaguinee.net\/index.php\/wp-json\/wp\/v2\/posts"}],"about":[{"href":"https:\/\/www.friaguinee.net\/index.php\/wp-json\/wp\/v2\/types\/post"}],"author":[{"embeddable":true,"href":"https:\/\/www.friaguinee.net\/index.php\/wp-json\/wp\/v2\/users\/2"}],"replies":[{"embeddable":true,"href":"https:\/\/www.friaguinee.net\/index.php\/wp-json\/wp\/v2\/comments?post=34903"}],"version-history":[{"count":1,"href":"https:\/\/www.friaguinee.net\/index.php\/wp-json\/wp\/v2\/posts\/34903\/revisions"}],"predecessor-version":[{"id":34904,"href":"https:\/\/www.friaguinee.net\/index.php\/wp-json\/wp\/v2\/posts\/34903\/revisions\/34904"}],"wp:featuredmedia":[{"embeddable":true,"href":"https:\/\/www.friaguinee.net\/index.php\/wp-json\/wp\/v2\/media\/34905"}],"wp:attachment":[{"href":"https:\/\/www.friaguinee.net\/index.php\/wp-json\/wp\/v2\/media?parent=34903"}],"wp:term":[{"taxonomy":"category","embeddable":true,"href":"https:\/\/www.friaguinee.net\/index.php\/wp-json\/wp\/v2\/categories?post=34903"},{"taxonomy":"post_tag","embeddable":true,"href":"https:\/\/www.friaguinee.net\/index.php\/wp-json\/wp\/v2\/tags?post=34903"}],"curies":[{"name":"wp","href":"https:\/\/api.w.org\/{rel}","templated":true}]}}