{"id":34719,"date":"2021-06-06T07:21:53","date_gmt":"2021-06-06T07:21:53","guid":{"rendered":"http:\/\/www.friaguinee.net\/?p=34719"},"modified":"2021-06-06T07:21:54","modified_gmt":"2021-06-06T07:21:54","slug":"burkina-faso-plus-de-130-morts-dans-une-attaque-la-plus-meurtriere-depuis-2015","status":"publish","type":"post","link":"https:\/\/www.friaguinee.net\/index.php\/2021\/06\/06\/burkina-faso-plus-de-130-morts-dans-une-attaque-la-plus-meurtriere-depuis-2015\/","title":{"rendered":"Burkina Faso: plus de 130 morts dans une attaque, la plus meurtri\u00e8re depuis 2015"},"content":{"rendered":"\n<p>Au moins 132 personnes ont \u00e9t\u00e9 tu\u00e9es la nuit derni\u00e8re dans une attaque&nbsp;dans le village de Solhan, situ\u00e9 dans la r\u00e9gion du Sahel, au nord du Burkina Faso. Le&nbsp;pr\u00e9sident Roch Marc Christian Kabor\u00e9 a d\u00e9cr\u00e9t\u00e9&nbsp;72 heures de deuil national.<\/p>\n\n\n\n<p>Il \u00e9tait environ 2h&nbsp;du matin lorsque&nbsp;des individus arm\u00e9s ont investi le village de Solhan, indiquent&nbsp;des sources s\u00e9curitaires. \u00ab<em>L\u2019attaque, lanc\u00e9e par de nombreux hommes arm\u00e9s, a d\u2019abord vis\u00e9 le poste des Volontaires pour la d\u00e9fense de la patrie, des suppl\u00e9tifs civils des Forces arm\u00e9es dans le cadre de la lutte contre le terrorisme.&nbsp;C\u2019est par la suite qu\u2019elle s\u2019est dirig\u00e9e contre les habitations<\/em>&nbsp;\u00bb, explique une source.&nbsp;Les secours seraient arriv\u00e9s deux heures apr\u00e8s.<\/p>\n\n\n\n<p>Ce samedi \u00e0 la mi-journ\u00e9e, une autre source parlait&nbsp;d\u2019un bilan \u00ab<em>tr\u00e8s lourd<\/em>\u00bb. \u00ab<em>Cent corps sans distinction d\u2019\u00e2ge ont \u00e9t\u00e9 retrouv\u00e9s pour le moment<\/em>\u00bb, pr\u00e9cise-t-elle. Il ne cesse depuis de s\u2019alourdir. Il est d\u00e9sormais de 132 tu\u00e9s, un chiffre toujours provisoire.<\/p>\n\n\n\n<p>L\u2019attaque a \u00e9galement fait plusieurs bless\u00e9s. Par ailleurs, plusieurs habitations ainsi que le march\u00e9 du village ont \u00e9t\u00e9 incendi\u00e9s par les assaillants.<\/p>\n\n\n\n<h2 class=\"wp-block-heading\">Des assaillants sans piti\u00e9<\/h2>\n\n\n\n<p>Joint par RFI, Hamadi Boubacar, maire de Seba, chef-lieu de la pr\u00e9fecture du m\u00eame nom situ\u00e9 \u00e0 une dizaine du village de Solhan, indique que c\u2019est un groupe arm\u00e9 non identifi\u00e9 qui a attaqu\u00e9 le site aurif\u00e8re de&nbsp;Solhan o\u00f9 vivaient des dizaines de milliers de mineurs venus chercher de l\u2019or. Il d\u00e9crit un groupe arm\u00e9 sans piti\u00e9.<\/p>\n\n\n\n<p>Qualifiant cette attaque de \u00ab<em>barbare<\/em>\u00bb, le pr\u00e9sident Roch Marc Christian Kabor\u00e9 a d\u00e9cr\u00e9t\u00e9&nbsp;un deuil national de 72 heures \u00e0 partir de ce samedi. Il assure que les forces de d\u00e9fense et de s\u00e9curit\u00e9 sont \u00e0 pied d\u2019\u0153uvre pour rechercher et neutraliser les auteurs de \u00ab<em>cet acte ignoble<\/em>\u00bb.<\/p>\n\n\n\n<p>Ces derni\u00e8res semaines, l\u2019arm\u00e9e a multipli\u00e9 les op\u00e9rations dans cette r\u00e9gion du nord du Burkina Faso, o\u00f9 l\u2019organisation \u00c9tat islamique et al-Qa\u00efda sont actifs. Le ministre de la D\u00e9fense y \u00e9tait en visite le 14 mai pour proclamer le retour \u00e0 la normale. Les faits ces derni\u00e8res semaines ne cessent de lui donner tort. Solhan vient de conna\u00eetre l\u2019attaque la plus meurtri\u00e8re depuis que la guerre est d\u00e9clar\u00e9e aux jihadistes dans le pays.<\/p>\n\n\n\n<p><strong>RFI<\/strong><\/p>\n","protected":false},"excerpt":{"rendered":"<p>Au moins 132 personnes ont \u00e9t\u00e9 tu\u00e9es la nuit derni\u00e8re dans une attaque&nbsp;dans le village de Solhan, situ\u00e9 dans la r\u00e9gion du Sahel, au nord du Burkina Faso. Le&nbsp;pr\u00e9sident Roch Marc Christian Kabor\u00e9 a d\u00e9cr\u00e9t\u00e9&nbsp;72 heures de deuil national. Il \u00e9tait environ 2h&nbsp;du matin lorsque&nbsp;des individus arm\u00e9s ont investi le village de Solhan, indiquent&nbsp;des sources [&hellip;]<\/p>\n","protected":false},"author":3,"featured_media":32956,"comment_status":"open","ping_status":"open","sticky":false,"template":"","format":"standard","meta":{"footnotes":""},"categories":[2],"tags":[],"class_list":["post-34719","post","type-post","status-publish","format-standard","has-post-thumbnail","hentry","category-actualites"],"_links":{"self":[{"href":"https:\/\/www.friaguinee.net\/index.php\/wp-json\/wp\/v2\/posts\/34719","targetHints":{"allow":["GET"]}}],"collection":[{"href":"https:\/\/www.friaguinee.net\/index.php\/wp-json\/wp\/v2\/posts"}],"about":[{"href":"https:\/\/www.friaguinee.net\/index.php\/wp-json\/wp\/v2\/types\/post"}],"author":[{"embeddable":true,"href":"https:\/\/www.friaguinee.net\/index.php\/wp-json\/wp\/v2\/users\/3"}],"replies":[{"embeddable":true,"href":"https:\/\/www.friaguinee.net\/index.php\/wp-json\/wp\/v2\/comments?post=34719"}],"version-history":[{"count":2,"href":"https:\/\/www.friaguinee.net\/index.php\/wp-json\/wp\/v2\/posts\/34719\/revisions"}],"predecessor-version":[{"id":34721,"href":"https:\/\/www.friaguinee.net\/index.php\/wp-json\/wp\/v2\/posts\/34719\/revisions\/34721"}],"wp:featuredmedia":[{"embeddable":true,"href":"https:\/\/www.friaguinee.net\/index.php\/wp-json\/wp\/v2\/media\/32956"}],"wp:attachment":[{"href":"https:\/\/www.friaguinee.net\/index.php\/wp-json\/wp\/v2\/media?parent=34719"}],"wp:term":[{"taxonomy":"category","embeddable":true,"href":"https:\/\/www.friaguinee.net\/index.php\/wp-json\/wp\/v2\/categories?post=34719"},{"taxonomy":"post_tag","embeddable":true,"href":"https:\/\/www.friaguinee.net\/index.php\/wp-json\/wp\/v2\/tags?post=34719"}],"curies":[{"name":"wp","href":"https:\/\/api.w.org\/{rel}","templated":true}]}}