{"id":34651,"date":"2021-06-03T09:23:45","date_gmt":"2021-06-03T09:23:45","guid":{"rendered":"http:\/\/www.friaguinee.net\/?p=34651"},"modified":"2021-06-03T09:23:46","modified_gmt":"2021-06-03T09:23:46","slug":"fermeture-definitive-des-cimetieres-de-bambeto-et-kaporo-rails-ca-nengage-que-ceux-qui-donnent-linfo-mvat","status":"publish","type":"post","link":"https:\/\/www.friaguinee.net\/index.php\/2021\/06\/03\/fermeture-definitive-des-cimetieres-de-bambeto-et-kaporo-rails-ca-nengage-que-ceux-qui-donnent-linfo-mvat\/","title":{"rendered":"Fermeture d\u00e9finitive des cimeti\u00e8res de Bambeto et Kaporo-rails : \u00ab\u00a0\u00c7a n\u2019engage que ceux qui donnent l\u2019info&#8230;\u00a0\u00bb(MVAT)"},"content":{"rendered":"\n<p>La fermeture des cimeti\u00e8res de Bambeto et de Kaporo rails sur le site de Koloma \u00e9tait \u00e0 titre provisoire. Elle (la d\u00e9cision) est rentr\u00e9e en vigueur le 10 mai dernier pour au moins deux (2) semaines afin de faciliter les travaux de terrassement avec le mouvement des machines et camions.<\/p>\n\n\n\n<p> Math\u00e9matiquement, les deux semaines sont \u00e9coul\u00e9es. Maintenant la suppos\u00e9e fermeture d\u00e9finitive de ces lieux n\u2019engage que ceux qui donnent l\u2019info dont l\u2019objectif est de lancer l\u2019anath\u00e8me sur les autorit\u00e9s du d\u00e9partement, les accuser de blasph\u00e8me et d\u2019une suppos\u00e9e volont\u00e9 d\u2019effacer l\u2019histoire.<\/p>\n\n\n\n<p> Aucune d\u00e9cision n\u2019est prise dans ce sens par le Minist\u00e8re de la Ville et de l\u2019Am\u00e9nagement du Territoire. Que cela soit su.<\/p>\n\n\n\n<p><a href=\"https:\/\/www.facebook.com\/MvatGN\/?__cft__[0]=AZXRHg2ZR_poxBG2f6sXub0IukfKWM3HSBLboPOttCzFxVdbW9qxKmobyE_ytszJ5CUZQjY7yQjpKce6-srTjs4WqiSIup9gknnRXOdRXKNpEUlBw-9X14LJn_UP1Vv3CC53wNTEb_eiIXT6OPmyExzTo32DpA_EFYgjn3Mo0rQv3g&amp;__tn__=-UC%2CP-R\"><strong>Minist\u00e8re de la Ville et de l\u2019Am\u00e9nagement du Territoire Guin\u00e9e<\/strong><\/a><\/p>\n","protected":false},"excerpt":{"rendered":"<p>La fermeture des cimeti\u00e8res de Bambeto et de Kaporo rails sur le site de Koloma \u00e9tait \u00e0 titre provisoire. Elle (la d\u00e9cision) est rentr\u00e9e en vigueur le 10 mai dernier pour au moins deux (2) semaines afin de faciliter les travaux de terrassement avec le mouvement des machines et camions. Math\u00e9matiquement, les deux semaines sont [&hellip;]<\/p>\n","protected":false},"author":2,"featured_media":32514,"comment_status":"open","ping_status":"open","sticky":false,"template":"","format":"standard","meta":{"footnotes":""},"categories":[3],"tags":[3241,50,6795,148,6231,4061,7261],"class_list":["post-34651","post","type-post","status-publish","format-standard","has-post-thumbnail","hentry","category-societe","tag-bambeto","tag-conakry","tag-fermeture-des-cimetieres","tag-guinee","tag-ibrahima-kourouma","tag-kaporo-rails","tag-ministre-de-la-ville"],"_links":{"self":[{"href":"https:\/\/www.friaguinee.net\/index.php\/wp-json\/wp\/v2\/posts\/34651","targetHints":{"allow":["GET"]}}],"collection":[{"href":"https:\/\/www.friaguinee.net\/index.php\/wp-json\/wp\/v2\/posts"}],"about":[{"href":"https:\/\/www.friaguinee.net\/index.php\/wp-json\/wp\/v2\/types\/post"}],"author":[{"embeddable":true,"href":"https:\/\/www.friaguinee.net\/index.php\/wp-json\/wp\/v2\/users\/2"}],"replies":[{"embeddable":true,"href":"https:\/\/www.friaguinee.net\/index.php\/wp-json\/wp\/v2\/comments?post=34651"}],"version-history":[{"count":2,"href":"https:\/\/www.friaguinee.net\/index.php\/wp-json\/wp\/v2\/posts\/34651\/revisions"}],"predecessor-version":[{"id":34653,"href":"https:\/\/www.friaguinee.net\/index.php\/wp-json\/wp\/v2\/posts\/34651\/revisions\/34653"}],"wp:featuredmedia":[{"embeddable":true,"href":"https:\/\/www.friaguinee.net\/index.php\/wp-json\/wp\/v2\/media\/32514"}],"wp:attachment":[{"href":"https:\/\/www.friaguinee.net\/index.php\/wp-json\/wp\/v2\/media?parent=34651"}],"wp:term":[{"taxonomy":"category","embeddable":true,"href":"https:\/\/www.friaguinee.net\/index.php\/wp-json\/wp\/v2\/categories?post=34651"},{"taxonomy":"post_tag","embeddable":true,"href":"https:\/\/www.friaguinee.net\/index.php\/wp-json\/wp\/v2\/tags?post=34651"}],"curies":[{"name":"wp","href":"https:\/\/api.w.org\/{rel}","templated":true}]}}