{"id":34629,"date":"2021-06-02T17:27:26","date_gmt":"2021-06-02T17:27:26","guid":{"rendered":"http:\/\/www.friaguinee.net\/?p=34629"},"modified":"2021-06-02T17:27:28","modified_gmt":"2021-06-02T17:27:28","slug":"guinee-les-prisonniers-cherif-bah-ousmane-gaoual-et-cellou-balde-sadressent-aux-guineens","status":"publish","type":"post","link":"https:\/\/www.friaguinee.net\/index.php\/2021\/06\/02\/guinee-les-prisonniers-cherif-bah-ousmane-gaoual-et-cellou-balde-sadressent-aux-guineens\/","title":{"rendered":"Guin\u00e9e : les prisonniers Ch\u00e9rif Bah, Ousmane Gaoual et Cellou Bald\u00e9 s&rsquo;adressent aux guin\u00e9ens"},"content":{"rendered":"\n<p><strong>Chers compatriotes,<\/strong><\/p>\n\n\n\n<p>Comme vous le savez, nous sommes incarc\u00e9r\u00e9s \u00e0 la Maison Centrale de Conakry depuis plusieurs mois.<\/p>\n\n\n\n<p>Prisonniers politiques pour les uns, prisonniers d\u2019opinion ou otages politiques pour les autres, prisonniers tout court pour certains. Une chose est incontestable, nous sommes avant tout des Guin\u00e9ens dont l\u2019engagement et la lutte politique n\u2019ont jamais \u00e9t\u00e9 dirig\u00e9s contre un individu ou un quelconque groupe de Guin\u00e9ens.<ins><\/ins><\/p>\n\n\n\n<p>Nous avons toujours men\u00e9 notre combat avec le strict objectif de servir la d\u00e9mocratie, le respect de l\u2019\u00c9tat de droit et la recherche du bonheur de nos concitoyens.<\/p>\n\n\n\n<p>Il est important de rappeler que nous avons exclu, d\u00e8s les premi\u00e8res heures de notre engagement politique, la conqu\u00eate du pouvoir par la violence en choisissant, la voie des urnes qui demeure encore notre unique option. Ce choix d\u00e9mocratique est motiv\u00e9 par le fait que chacun d\u2019entre nous consid\u00e8re que la violence ne peut&nbsp;\u00eatre la solution et lorsqu\u2019elle survient, nous l\u2019avons toujours condamn\u00e9e sans aucune ambigu\u00eft\u00e9. D\u2019autant plus qu\u2019au cours de ces derni\u00e8res d\u00e9cennies, ce sont nos compatriotes qui ont pay\u00e9s le lourd tribu, du fait des violences politiques et sociales qui affectent directement de nombreuses familles et la coh\u00e9sion sociale.<\/p>\n\n\n\n<p>Pourtant, on nous accuse d\u2019atteintes aux institutions, de pillages et m\u00eame de participation \u00e0 des mouvements insurrectionnels, etc. Quel fut notre stupeur \u00e0 s\u2019entendre dire \u00eatre m\u00eal\u00e9s \u00e0 de tels actes. Persuad\u00e9s de notre innocence, nous nous sommes tous rendus volontairement devant les instances judiciaires esp\u00e9rant qu\u2019elle agira avec impartialit\u00e9 et objectivit\u00e9. De fait, nous n\u2019avons oppos\u00e9 ni r\u00e9sistance, ni violence aux forces de d\u00e9fense et de s\u00e9curit\u00e9, qui sont venus interpel\u00e9s l\u2019un de nous \u00e0 son domicile.<\/p>\n\n\n\n<p>Il est clair que notre probit\u00e9, mais aussi les responsabilit\u00e9s que nous avons assum\u00e9es \u00e0 divers niveaux, nous emp\u00eachent tout comportement ou attitude incivique.<\/p>\n\n\n\n<p>On comprendra ais\u00e9ment qu\u2019il est impossible de remettre en cause notre engagement politique; l\u2019id\u00e9al qui les fonde et les nourrit. C\u2019est pourquoi nous rejetons toutes les accusations de violence quelles qu\u2019elles soient et qui seraient susceptibles de mettre en danger la paix sociale, de menacer la s\u00e9curit\u00e9 de nos compatriotes et de nos institutions. Cela ne nous ressemble point.<\/p>\n\n\n\n<p>S\u2019il est \u00e9tabli que le proc\u00e8s d\u2019hommes politiques permet de juger un \u00c9tat sur le plan de la d\u00e9mocratie et du respect des libert\u00e9s fondamentales, nous souhaiterions que ce d\u00e9fi soit relev\u00e9 par l\u2019institution judiciaire. Que peu d\u2019entre nous puissent croire et miser sur le succ\u00e8s de cette volont\u00e9 n\u2019enl\u00e8ve aucunement notre foi en la justice. Il revient aux autorit\u00e9s de notre pays et, si n\u00e9cessaire, avec l\u2019appui des pays amis, d\u2019en \u00eatre le garant ; de veiller \u00e0 l\u2019\u00e9quit\u00e9 et l\u2019impartialit\u00e9 de l\u2019institution judiciaire ; mais aussi \u00e0 la neutralit\u00e9 de l\u2019Ex\u00e9cutif.<\/p>\n\n\n\n<p>Bien \u00e9videmment, c\u2019est aux magistrats de mesurer l\u2019importance et la port\u00e9e des actes qu\u2019ils sont appel\u00e9s \u00e0 engager dans le cadre de \u00ab l\u2019affaire \u00bb nous concernant. Qui pourrait douter que son d\u00e9roulement et l\u2019issue qui en sortira constitueront un jalon essentiel dans la volont\u00e9 de d\u00e9crispation du climat politique r\u00e9cemment exprim\u00e9e par tous les acteurs politiques, les ONG de d\u00e9fense des Droits humains, les pays partenaires de la Guin\u00e9e et d\u2019une certaine mani\u00e8re les autorit\u00e9s guin\u00e9ennes. D\u00e8s lors, un consensus s\u2019est d\u00e9gag\u00e9 pour consid\u00e9rer que ce serait l\u00e0, un des premiers gages d\u2019ouverture d\u2019un dialogue constructif, consensuel et inclusif.<\/p>\n\n\n\n<p>Pour nous, il est fondamental d\u2019\u0153uvrer dans ce sens afin d\u2019amorcer le processus d\u2019apaisement par le dialogue et la concertation dans le souci de renforcer l\u2019unit\u00e9 nationale et la coh\u00e9sion sociale. Nous esp\u00e9rons pouvoir apporter notre contribution en continuant de jouer encore notre r\u00f4le sur la sc\u00e8ne politique au service de notre pays. Nous sommes persuad\u00e9s que cela est possible si chacun veillait au respect des r\u00e8gles d\u2019impartialit\u00e9 de nos institutions et des repr\u00e9sentants qui exercent au nom du peuple.<\/p>\n\n\n\n<p>Nous estimons que le moment est probablement venu ; qu\u2019une situation opportune est l\u00e0 et qu\u2019il faut la saisir. Nous pensons qu\u2019il est temps que chaque Guin\u00e9en prenne r\u00e9solument l\u2019engagement de promouvoir l\u2019exercice d\u2019une d\u00e9mocratie apais\u00e9e, l\u2019unit\u00e9 et la r\u00e9conciliation de tous les fils et filles de notre Guin\u00e9e.<\/p>\n\n\n\n<p><strong>Ibrahima Ch\u00e9rif BAH<\/strong><\/p>\n\n\n\n<p><strong>Vice-pr\u00e9sident, membre du Conseil politique.<\/strong><\/p>\n\n\n\n<p><strong>Ousmane Gaoual DIALLO<\/strong><\/p>\n\n\n\n<p><strong>Directeur de la Communication, Membre du Conseil politique, ancien D\u00e9put\u00e9.<\/strong><\/p>\n\n\n\n<p><strong>Mamadou Cellou BALD\u00c9<\/strong><\/p>\n\n\n\n<p><strong>Coordinateur des f\u00e9d\u00e9rations de l\u2019int\u00e9rieur, Membre du Bureau Ex\u00e9cutif, ancien D\u00e9put\u00e9<\/strong><\/p>\n","protected":false},"excerpt":{"rendered":"<p>Chers compatriotes, Comme vous le savez, nous sommes incarc\u00e9r\u00e9s \u00e0 la Maison Centrale de Conakry depuis plusieurs mois. Prisonniers politiques pour les uns, prisonniers d\u2019opinion ou otages politiques pour les autres, prisonniers tout court pour certains. Une chose est incontestable, nous sommes avant tout des Guin\u00e9ens dont l\u2019engagement et la lutte politique n\u2019ont jamais \u00e9t\u00e9 [&hellip;]<\/p>\n","protected":false},"author":2,"featured_media":34633,"comment_status":"open","ping_status":"open","sticky":false,"template":"","format":"standard","meta":{"footnotes":""},"categories":[2],"tags":[6557,6430,148,152,2082,715,1430],"class_list":["post-34629","post","type-post","status-publish","format-standard","has-post-thumbnail","hentry","category-actualites","tag-cellou-balde","tag-cherif-bah","tag-guinee","tag-lettre","tag-ousmane-gaoual-diallo","tag-prisonniers","tag-tribune"],"_links":{"self":[{"href":"https:\/\/www.friaguinee.net\/index.php\/wp-json\/wp\/v2\/posts\/34629","targetHints":{"allow":["GET"]}}],"collection":[{"href":"https:\/\/www.friaguinee.net\/index.php\/wp-json\/wp\/v2\/posts"}],"about":[{"href":"https:\/\/www.friaguinee.net\/index.php\/wp-json\/wp\/v2\/types\/post"}],"author":[{"embeddable":true,"href":"https:\/\/www.friaguinee.net\/index.php\/wp-json\/wp\/v2\/users\/2"}],"replies":[{"embeddable":true,"href":"https:\/\/www.friaguinee.net\/index.php\/wp-json\/wp\/v2\/comments?post=34629"}],"version-history":[{"count":3,"href":"https:\/\/www.friaguinee.net\/index.php\/wp-json\/wp\/v2\/posts\/34629\/revisions"}],"predecessor-version":[{"id":34632,"href":"https:\/\/www.friaguinee.net\/index.php\/wp-json\/wp\/v2\/posts\/34629\/revisions\/34632"}],"wp:featuredmedia":[{"embeddable":true,"href":"https:\/\/www.friaguinee.net\/index.php\/wp-json\/wp\/v2\/media\/34633"}],"wp:attachment":[{"href":"https:\/\/www.friaguinee.net\/index.php\/wp-json\/wp\/v2\/media?parent=34629"}],"wp:term":[{"taxonomy":"category","embeddable":true,"href":"https:\/\/www.friaguinee.net\/index.php\/wp-json\/wp\/v2\/categories?post=34629"},{"taxonomy":"post_tag","embeddable":true,"href":"https:\/\/www.friaguinee.net\/index.php\/wp-json\/wp\/v2\/tags?post=34629"}],"curies":[{"name":"wp","href":"https:\/\/api.w.org\/{rel}","templated":true}]}}