{"id":34543,"date":"2021-06-01T18:56:26","date_gmt":"2021-06-01T18:56:26","guid":{"rendered":"http:\/\/www.friaguinee.net\/?p=34543"},"modified":"2021-06-01T18:56:28","modified_gmt":"2021-06-01T18:56:28","slug":"forum-ibrahim-governance-weekend-cellou-dalein-diallo-invite","status":"publish","type":"post","link":"https:\/\/www.friaguinee.net\/index.php\/2021\/06\/01\/forum-ibrahim-governance-weekend-cellou-dalein-diallo-invite\/","title":{"rendered":"Forum Ibrahim Governance weekend : Cellou Dalein Diallo invit\u00e9"},"content":{"rendered":"\n<p>Le Pr\u00e9sident de l\u2019UFDG est convi\u00e9 par la Fondation Mo Ibrahim au Forum Ibrahim Governance weekend (#IGW21) qui se tiendra du 3 au 5 juin 2021.<\/p>\n\n\n\n<p>Cellou Dalein Diallo prendra part \u00e0 ce forum aux c\u00f4t\u00e9s de prestigieuses personnalit\u00e9s dont notamment Ellen Johnson Sirleaf, Amina Mohammed, Donald Kaberuka et l\u2019ancien Pr\u00e9sident nig\u00e9rien Mahamadou Issoufou, laur\u00e9at 2020 du prix Ibrahim pour un leadership d\u2019excellence en Afrique.<\/p>\n\n\n\n<p>Cette ann\u00e9e, le IGW21 portera sur \u00ab&nbsp;Un an de COVID-19 en Afrique : impact et perspectives&nbsp;\u00bb.<\/p>\n\n\n\n<p>La Cellcom de l\u2019UFDG<\/p>\n","protected":false},"excerpt":{"rendered":"<p>Le Pr\u00e9sident de l\u2019UFDG est convi\u00e9 par la Fondation Mo Ibrahim au Forum Ibrahim Governance weekend (#IGW21) qui se tiendra du 3 au 5 juin 2021. Cellou Dalein Diallo prendra part \u00e0 ce forum aux c\u00f4t\u00e9s de prestigieuses personnalit\u00e9s dont notamment Ellen Johnson Sirleaf, Amina Mohammed, Donald Kaberuka et l\u2019ancien Pr\u00e9sident nig\u00e9rien Mahamadou Issoufou, laur\u00e9at [&hellip;]<\/p>\n","protected":false},"author":2,"featured_media":32043,"comment_status":"open","ping_status":"open","sticky":false,"template":"","format":"standard","meta":{"footnotes":""},"categories":[2],"tags":[2114,7234],"class_list":["post-34543","post","type-post","status-publish","format-standard","has-post-thumbnail","hentry","category-actualites","tag-cellou-dalein-diallo","tag-forum-ibrahim-governance-weekend"],"_links":{"self":[{"href":"https:\/\/www.friaguinee.net\/index.php\/wp-json\/wp\/v2\/posts\/34543","targetHints":{"allow":["GET"]}}],"collection":[{"href":"https:\/\/www.friaguinee.net\/index.php\/wp-json\/wp\/v2\/posts"}],"about":[{"href":"https:\/\/www.friaguinee.net\/index.php\/wp-json\/wp\/v2\/types\/post"}],"author":[{"embeddable":true,"href":"https:\/\/www.friaguinee.net\/index.php\/wp-json\/wp\/v2\/users\/2"}],"replies":[{"embeddable":true,"href":"https:\/\/www.friaguinee.net\/index.php\/wp-json\/wp\/v2\/comments?post=34543"}],"version-history":[{"count":1,"href":"https:\/\/www.friaguinee.net\/index.php\/wp-json\/wp\/v2\/posts\/34543\/revisions"}],"predecessor-version":[{"id":34544,"href":"https:\/\/www.friaguinee.net\/index.php\/wp-json\/wp\/v2\/posts\/34543\/revisions\/34544"}],"wp:featuredmedia":[{"embeddable":true,"href":"https:\/\/www.friaguinee.net\/index.php\/wp-json\/wp\/v2\/media\/32043"}],"wp:attachment":[{"href":"https:\/\/www.friaguinee.net\/index.php\/wp-json\/wp\/v2\/media?parent=34543"}],"wp:term":[{"taxonomy":"category","embeddable":true,"href":"https:\/\/www.friaguinee.net\/index.php\/wp-json\/wp\/v2\/categories?post=34543"},{"taxonomy":"post_tag","embeddable":true,"href":"https:\/\/www.friaguinee.net\/index.php\/wp-json\/wp\/v2\/tags?post=34543"}],"curies":[{"name":"wp","href":"https:\/\/api.w.org\/{rel}","templated":true}]}}