{"id":34421,"date":"2021-05-30T09:37:09","date_gmt":"2021-05-30T09:37:09","guid":{"rendered":"http:\/\/www.friaguinee.net\/?p=34421"},"modified":"2021-05-30T12:53:48","modified_gmt":"2021-05-30T12:53:48","slug":"saint-etienne-un-homme-noir-tue-a-coups-de-couteau-la-scene-filmee-par-des-temoins","status":"publish","type":"post","link":"https:\/\/www.friaguinee.net\/index.php\/2021\/05\/30\/saint-etienne-un-homme-noir-tue-a-coups-de-couteau-la-scene-filmee-par-des-temoins\/","title":{"rendered":"Saint-Etienne : un homme noir tu\u00e9 \u00e0 coups de couteau, la sc\u00e8ne film\u00e9e par des t\u00e9moins"},"content":{"rendered":"\n<p>La victime a \u00e9t\u00e9 prise pour cible dans le quartier de La M\u00e9tare, mercredi soir.<\/p>\n\n\n\n<p>Un homme a \u00e9t\u00e9 mortellement poignard\u00e9 \u00e0 Saint-Etienne, mercredi soir, vers 21h30.&nbsp;<a rel=\"noreferrer noopener\" href=\"https:\/\/www.francebleu.fr\/infos\/faits-divers-justice\/saint-etienne-un-homme-tue-a-coups-de-couteau-en-plein-centre-ville-1622101199\" target=\"_blank\">France bleu<\/a>&nbsp;rapporte que les faits se sont produits rue Colette, dans le quartier de La M\u00e9tare. <\/p>\n\n\n\n<p>Selon l\u2019AFP, qui cite des sources polici\u00e8re et judiciaire, la victime a \u00e9t\u00e9 agress\u00e9e par un groupe et poignard\u00e9e sous les yeux de t\u00e9moins qui ont film\u00e9 la sc\u00e8ne.<\/p>\n\n\n\n<p>Apr\u00e8s avoir re\u00e7u quatre coups de couteau, la victime a \u00e9t\u00e9 prise en charge par les services de secours. Elle a succomb\u00e9 \u00e0 ses blessures dans la nuit de mercredi \u00e0 ce jeudi au bloc op\u00e9ratoire du CHU de Saint-Etienne.&nbsp;<a rel=\"noreferrer noopener\" href=\"https:\/\/www.leprogres.fr\/faits-divers-justice\/2021\/05\/27\/poignarde-a-mort-a-saint-etienne-une-enquete-pour-meurtre-ouverte\" target=\"_blank\">Le Progr\u00e8s<\/a>&nbsp;pr\u00e9cise que la&nbsp;sc\u00e8ne a \u00e9t\u00e9 film\u00e9e&nbsp;par des riverains, qui ont transmis la vid\u00e9o aux enqu\u00eateurs, est \u00ab gla\u00e7ante \u00bb, a indiqu\u00e9 l\u2019un d\u2019eux \u00e0 l\u2019AFP.<\/p>\n\n\n\n<p>L\u2019intervention de la police a permis d\u2019interpeller un des membres du groupe d\u2019une dizaine de personnes qui, pour une raison ind\u00e9termin\u00e9e, s\u2019en est pris \u00e0 la victime. Le suspect plac\u00e9 en garde \u00e0 vue portait des traces de sang sur ses v\u00eatements au moment de l\u2019interpellation, pr\u00e9cise une source polici\u00e8re. Le p\u00f4le criminel de la DDSP (Direction D\u00e9partementale de la S\u00e9curit\u00e9 Publique) est en charge de l\u2019enqu\u00eate.<\/p>\n\n\n\n<figure class=\"wp-block-image\"><img loading=\"lazy\" decoding=\"async\" width=\"720\" height=\"540\" src=\"http:\/\/www.friaguinee.net\/wp-content\/uploads\/2021\/05\/20210530_093108.jpg\" alt=\"\" class=\"wp-image-34428\" srcset=\"https:\/\/www.friaguinee.net\/wp-content\/uploads\/2021\/05\/20210530_093108.jpg 720w, https:\/\/www.friaguinee.net\/wp-content\/uploads\/2021\/05\/20210530_093108-300x225.jpg 300w, https:\/\/www.friaguinee.net\/wp-content\/uploads\/2021\/05\/20210530_093108-80x60.jpg 80w, https:\/\/www.friaguinee.net\/wp-content\/uploads\/2021\/05\/20210530_093108-265x198.jpg 265w, https:\/\/www.friaguinee.net\/wp-content\/uploads\/2021\/05\/20210530_093108-696x522.jpg 696w, https:\/\/www.friaguinee.net\/wp-content\/uploads\/2021\/05\/20210530_093108-560x420.jpg 560w\" sizes=\"auto, (max-width: 720px) 100vw, 720px\" \/><\/figure>\n\n\n\n<p>La victime serait un gambien et se nommait Yusufa, il \u00e9tait papa d\u2019un b\u00e9b\u00e9 de trois mois.<\/p>\n\n\n\n<p>\u201cSale Noir, Sale n\u00e9gro on va te saigner\u201d des paroles prononc\u00e9s par la bande de n\u00e9grophobes qui a pris \u00e0 part le jeune p\u00e8re de famille guin\u00e9en avant de le poignarder.<\/p>\n\n\n\n<p><strong>Infos rassembl\u00e9es par<\/strong> <strong>Friaguinee.net<\/strong><\/p>\n","protected":false},"excerpt":{"rendered":"<p>La victime a \u00e9t\u00e9 prise pour cible dans le quartier de La M\u00e9tare, mercredi soir. Un homme a \u00e9t\u00e9 mortellement poignard\u00e9 \u00e0 Saint-Etienne, mercredi soir, vers 21h30.&nbsp;France bleu&nbsp;rapporte que les faits se sont produits rue Colette, dans le quartier de La M\u00e9tare. Selon l\u2019AFP, qui cite des sources polici\u00e8re et judiciaire, la victime a \u00e9t\u00e9 [&hellip;]<\/p>\n","protected":false},"author":2,"featured_media":34427,"comment_status":"open","ping_status":"open","sticky":false,"template":"","format":"standard","meta":{"footnotes":""},"categories":[2],"tags":[95,5702,7196,7197],"class_list":["post-34421","post","type-post","status-publish","format-standard","has-post-thumbnail","hentry","category-actualites","tag-france","tag-homme-poignarde","tag-saint-etienne","tag-yusupha"],"_links":{"self":[{"href":"https:\/\/www.friaguinee.net\/index.php\/wp-json\/wp\/v2\/posts\/34421","targetHints":{"allow":["GET"]}}],"collection":[{"href":"https:\/\/www.friaguinee.net\/index.php\/wp-json\/wp\/v2\/posts"}],"about":[{"href":"https:\/\/www.friaguinee.net\/index.php\/wp-json\/wp\/v2\/types\/post"}],"author":[{"embeddable":true,"href":"https:\/\/www.friaguinee.net\/index.php\/wp-json\/wp\/v2\/users\/2"}],"replies":[{"embeddable":true,"href":"https:\/\/www.friaguinee.net\/index.php\/wp-json\/wp\/v2\/comments?post=34421"}],"version-history":[{"count":4,"href":"https:\/\/www.friaguinee.net\/index.php\/wp-json\/wp\/v2\/posts\/34421\/revisions"}],"predecessor-version":[{"id":34429,"href":"https:\/\/www.friaguinee.net\/index.php\/wp-json\/wp\/v2\/posts\/34421\/revisions\/34429"}],"wp:featuredmedia":[{"embeddable":true,"href":"https:\/\/www.friaguinee.net\/index.php\/wp-json\/wp\/v2\/media\/34427"}],"wp:attachment":[{"href":"https:\/\/www.friaguinee.net\/index.php\/wp-json\/wp\/v2\/media?parent=34421"}],"wp:term":[{"taxonomy":"category","embeddable":true,"href":"https:\/\/www.friaguinee.net\/index.php\/wp-json\/wp\/v2\/categories?post=34421"},{"taxonomy":"post_tag","embeddable":true,"href":"https:\/\/www.friaguinee.net\/index.php\/wp-json\/wp\/v2\/tags?post=34421"}],"curies":[{"name":"wp","href":"https:\/\/api.w.org\/{rel}","templated":true}]}}