{"id":34284,"date":"2021-05-26T13:42:05","date_gmt":"2021-05-26T13:42:05","guid":{"rendered":"http:\/\/www.friaguinee.net\/?p=34284"},"modified":"2021-05-26T13:42:07","modified_gmt":"2021-05-26T13:42:07","slug":"mali-le-president-bah-ndaw-presente-sa-demission-et-dissout-son-gouvernement","status":"publish","type":"post","link":"https:\/\/www.friaguinee.net\/index.php\/2021\/05\/26\/mali-le-president-bah-ndaw-presente-sa-demission-et-dissout-son-gouvernement\/","title":{"rendered":"Mali : Le Pr\u00e9sident Bah N\u2019daw pr\u00e9sente sa d\u00e9mission et dissout son gouvernement"},"content":{"rendered":"\n<p>Le pr\u00e9sident de la Transition malienne Bah N\u2019daw, d\u00e9chu de ses fonctions, mardi par le Colonel Assimi Goita, a pr\u00e9sent\u00e9 ce mercredi 26 mai sa d\u00e9mission aux acteurs de la m\u00e9diation de l\u2019ONU et de la CEDEAO.<\/p>\n\n\n\n<h2 class=\"wp-block-heading\"><strong>Le gouvernement dissout<\/strong><\/h2>\n\n\n\n<p>Bah N\u2019Daw a en effet remis, ce mercredi 26 mai, sa d\u00e9mission ainsi que celle de son Premier ministre \u00e0 celui qui \u00e9tait, jusque-l\u00e0, son vice-pr\u00e9sident. Le gouvernement, dont la composition avait \u00e9t\u00e9 d\u00e9voil\u00e9e le 24 mai, quelques heures avant le coup de force des militaires, est quant \u00e0 lui dissous. Le vice-pr\u00e9sident Assime Goita est d\u00e9sormais l\u2019homme fort de Mali. Une r\u00e9union du Conseil de s\u00e9curit\u00e9 de l\u2019Onu sur le Mali est attendue dans les prochaines heures.<\/p>\n\n\n\n<p>Cette annonce vient confirmer la reprise en main de l\u2019ex\u00e9cutif par le chef de la junte qui a men\u00e9 le coup d\u2019\u00c9tat contre Ibrahim Boubacar Ke\u00efta (IBK), le 18 ao\u00fbt dernier.<ins><\/ins><\/p>\n\n\n\n<p>Interpell\u00e9s le 24 mai au soir, Bah N\u2019Daw et Moctar Ouane se trouvent depuis au camp militaire de Kati, situ\u00e9 \u00e0 une quinzaine de kilom\u00e8tres de Bamako. C\u2019est \u00e9galement le cas du g\u00e9n\u00e9ral Souleymane Doucour\u00e9, qui devait devenir le nouveau ministre de la D\u00e9fense, et de Kalilou Doumbia, conseiller sp\u00e9cial de Bah N\u2019Daw.<\/p>\n\n\n\n<p>SG<\/p>\n","protected":false},"excerpt":{"rendered":"<p>Le pr\u00e9sident de la Transition malienne Bah N\u2019daw, d\u00e9chu de ses fonctions, mardi par le Colonel Assimi Goita, a pr\u00e9sent\u00e9 ce mercredi 26 mai sa d\u00e9mission aux acteurs de la m\u00e9diation de l\u2019ONU et de la CEDEAO. Le gouvernement dissout Bah N\u2019Daw a en effet remis, ce mercredi 26 mai, sa d\u00e9mission ainsi que celle [&hellip;]<\/p>\n","protected":false},"author":2,"featured_media":34286,"comment_status":"open","ping_status":"open","sticky":false,"template":"","format":"standard","meta":{"footnotes":""},"categories":[42],"tags":[5057,2097,2519],"class_list":["post-34284","post","type-post","status-publish","format-standard","has-post-thumbnail","hentry","category-afrique","tag-bah-ndaw","tag-demission","tag-mali"],"_links":{"self":[{"href":"https:\/\/www.friaguinee.net\/index.php\/wp-json\/wp\/v2\/posts\/34284","targetHints":{"allow":["GET"]}}],"collection":[{"href":"https:\/\/www.friaguinee.net\/index.php\/wp-json\/wp\/v2\/posts"}],"about":[{"href":"https:\/\/www.friaguinee.net\/index.php\/wp-json\/wp\/v2\/types\/post"}],"author":[{"embeddable":true,"href":"https:\/\/www.friaguinee.net\/index.php\/wp-json\/wp\/v2\/users\/2"}],"replies":[{"embeddable":true,"href":"https:\/\/www.friaguinee.net\/index.php\/wp-json\/wp\/v2\/comments?post=34284"}],"version-history":[{"count":1,"href":"https:\/\/www.friaguinee.net\/index.php\/wp-json\/wp\/v2\/posts\/34284\/revisions"}],"predecessor-version":[{"id":34287,"href":"https:\/\/www.friaguinee.net\/index.php\/wp-json\/wp\/v2\/posts\/34284\/revisions\/34287"}],"wp:featuredmedia":[{"embeddable":true,"href":"https:\/\/www.friaguinee.net\/index.php\/wp-json\/wp\/v2\/media\/34286"}],"wp:attachment":[{"href":"https:\/\/www.friaguinee.net\/index.php\/wp-json\/wp\/v2\/media?parent=34284"}],"wp:term":[{"taxonomy":"category","embeddable":true,"href":"https:\/\/www.friaguinee.net\/index.php\/wp-json\/wp\/v2\/categories?post=34284"},{"taxonomy":"post_tag","embeddable":true,"href":"https:\/\/www.friaguinee.net\/index.php\/wp-json\/wp\/v2\/tags?post=34284"}],"curies":[{"name":"wp","href":"https:\/\/api.w.org\/{rel}","templated":true}]}}