{"id":34260,"date":"2021-05-26T11:46:50","date_gmt":"2021-05-26T11:46:50","guid":{"rendered":"http:\/\/www.friaguinee.net\/?p=34260"},"modified":"2021-05-26T11:47:14","modified_gmt":"2021-05-26T11:47:14","slug":"iran-la-candidature-de-trois-poids-lourds-a-la-presidentielle-auraient-ete-invalidees","status":"publish","type":"post","link":"https:\/\/www.friaguinee.net\/index.php\/2021\/05\/26\/iran-la-candidature-de-trois-poids-lourds-a-la-presidentielle-auraient-ete-invalidees\/","title":{"rendered":"Iran la candidature de trois poids lourds \u00e0 la pr\u00e9sidentielle auraient \u00e9t\u00e9 invalid\u00e9es"},"content":{"rendered":"\n<p>Mahmoud Ahmadinejad, Eshaq Jahanguiri et Ali Larijani, trois poids lourds de la politique iranienne, ont vu leur candidature \u00e0 la pr\u00e9sidentielle de juin invalid\u00e9e, rapporte mardi la presse de T\u00e9h\u00e9ran.<\/p>\n\n\n\n<figure class=\"wp-block-image\"><img decoding=\"async\" src=\"https:\/\/o1.llb.be\/image\/60acb2c67b50a61dfe161c49.jpg\" alt=\"\"\/><\/figure>\n\n\n\n<p>Le Conseil des Gardiens de la constitution, organe non \u00e9lu charg\u00e9 du contr\u00f4le du scrutin et de la validation des candidatures, indique sur son site internet avoir retenu \u201csept candidats\u201d, mais ne publie pas leurs noms. Donn\u00e9e sans citer de source par l\u2019agence Fars, proche des ultraconservateurs, l\u2019information sur la disqualification de M. Larijani (conservateur), ancien pr\u00e9sident du Parlement aujourd\u2019hui conseiller du guide supr\u00eame Ali Khamenei, de M. Ahmadinejad, ancien pr\u00e9sident (populiste), et de M. Jahnaguiri, actuel vice-pr\u00e9sident (r\u00e9formateur), est reprise par toute la presse locale.&nbsp;<ins><\/ins><\/p>\n\n\n\n<p>Si la disqualification de M. Ahmadinejad, d\u00e9j\u00e0 interdit de pr\u00e9sidentielle en 2017, \u00e9tait attendue, l\u2019\u00e9viction de MM. Larijani et Jahnaguiri constituerait une surprise. Au total, pr\u00e8s de 600 personnes ont d\u00e9pos\u00e9 un dossier de candidature \u00e0 la pr\u00e9sidentielle \u00e0 la mi-mai.<\/p>\n\n\n\n<p>Selon Fars, les Gardiens auraient valid\u00e9 le d\u00e9put\u00e9 Amirhossein Ghazizadeh-Hach\u00e9mi (ultraconservateur), le gouverneur de la banque centrale, Abdolnasser Hemmati (r\u00e9formateur), Sa\u00efd Jalili, ancien secr\u00e9taire-g\u00e9n\u00e9ral du Conseil supr\u00eame de la s\u00e9curit\u00e9 nationale (ultraconservateur), Mohsen Mehralizadeh, ancien vice-pr\u00e9sident (r\u00e9formateur), le chef de l\u2019Autorit\u00e9 judiciaire, Ebrahim Ra\u00efssi (ultraconservateur), le g\u00e9n\u00e9ral Mohsen R\u00e9za\u00ef, ancien commandant-en-chef des Gardiens de la R\u00e9volution (ultraconservateur), et le d\u00e9put\u00e9 Alir\u00e9za Zakani (ultraconservateur). Cela \u201cmontre que le Conseil des gardiens n\u2019a pas sacrifi\u00e9 la loi \u00e0 l\u2019opportunisme, et que dans son processus de s\u00e9lection, il a mis l\u2019accent sur les ant\u00e9c\u00e9dents des individus, sans tenir compte de leur rang\u201d, \u00e9crit Fars.<\/p>\n\n\n\n<p>Selon le calendrier \u00e9lectoral officiel, les candidats disqualifi\u00e9s par les Gardiens (qui ont \u00e9t\u00e9 notifi\u00e9s personnellement de la d\u00e9cision du Conseil les concernant) ont la possibilit\u00e9 de faire appel jusqu\u2019\u00e0 minuit dans la nuit de mardi \u00e0 mercredi.<\/p>\n\n\n\n<p>Interrog\u00e9 par l\u2019agence Isna sur cette liste, le porte-parole du Conseil des Gardiens, Abbas-Ali Kadkhoda\u00ef, aurait d\u00e9clar\u00e9 : \u201cJe ne suis pas au courant de cela. Les noms doivent \u00eatre annonc\u00e9s par le minist\u00e8re de l\u2019Int\u00e9rieur\u201d.<\/p>\n\n\n\n<p>Selon la loi, il revient au minist\u00e8re de l\u2019Int\u00e9rieur, charg\u00e9 de l\u2019organisation de l\u2019\u00e9lection, de publier la liste des candidats valid\u00e9s par les Gardiens. Celle-ci aurait \u00e9t\u00e9 transmise lundi soir au minist\u00e8re et sa publication est attendue pour mercredi ou jeudi.<\/p>\n\n\n\n<p><strong>Belga<\/strong><\/p>\n","protected":false},"excerpt":{"rendered":"<p>Mahmoud Ahmadinejad, Eshaq Jahanguiri et Ali Larijani, trois poids lourds de la politique iranienne, ont vu leur candidature \u00e0 la pr\u00e9sidentielle de juin invalid\u00e9e, rapporte mardi la presse de T\u00e9h\u00e9ran. Le Conseil des Gardiens de la constitution, organe non \u00e9lu charg\u00e9 du contr\u00f4le du scrutin et de la validation des candidatures, indique sur son site [&hellip;]<\/p>\n","protected":false},"author":3,"featured_media":34265,"comment_status":"open","ping_status":"open","sticky":false,"template":"","format":"standard","meta":{"footnotes":""},"categories":[2],"tags":[],"class_list":["post-34260","post","type-post","status-publish","format-standard","has-post-thumbnail","hentry","category-actualites"],"_links":{"self":[{"href":"https:\/\/www.friaguinee.net\/index.php\/wp-json\/wp\/v2\/posts\/34260","targetHints":{"allow":["GET"]}}],"collection":[{"href":"https:\/\/www.friaguinee.net\/index.php\/wp-json\/wp\/v2\/posts"}],"about":[{"href":"https:\/\/www.friaguinee.net\/index.php\/wp-json\/wp\/v2\/types\/post"}],"author":[{"embeddable":true,"href":"https:\/\/www.friaguinee.net\/index.php\/wp-json\/wp\/v2\/users\/3"}],"replies":[{"embeddable":true,"href":"https:\/\/www.friaguinee.net\/index.php\/wp-json\/wp\/v2\/comments?post=34260"}],"version-history":[{"count":3,"href":"https:\/\/www.friaguinee.net\/index.php\/wp-json\/wp\/v2\/posts\/34260\/revisions"}],"predecessor-version":[{"id":34266,"href":"https:\/\/www.friaguinee.net\/index.php\/wp-json\/wp\/v2\/posts\/34260\/revisions\/34266"}],"wp:featuredmedia":[{"embeddable":true,"href":"https:\/\/www.friaguinee.net\/index.php\/wp-json\/wp\/v2\/media\/34265"}],"wp:attachment":[{"href":"https:\/\/www.friaguinee.net\/index.php\/wp-json\/wp\/v2\/media?parent=34260"}],"wp:term":[{"taxonomy":"category","embeddable":true,"href":"https:\/\/www.friaguinee.net\/index.php\/wp-json\/wp\/v2\/categories?post=34260"},{"taxonomy":"post_tag","embeddable":true,"href":"https:\/\/www.friaguinee.net\/index.php\/wp-json\/wp\/v2\/tags?post=34260"}],"curies":[{"name":"wp","href":"https:\/\/api.w.org\/{rel}","templated":true}]}}