{"id":34001,"date":"2021-05-22T09:16:46","date_gmt":"2021-05-22T09:16:46","guid":{"rendered":"http:\/\/www.friaguinee.net\/?p=34001"},"modified":"2021-05-22T09:16:47","modified_gmt":"2021-05-22T09:16:47","slug":"troisieme-livraison-dequipements-de-sante-lue-aux-cotes-de-la-france-et-de-lallemagne-dans-la-riposte-aux-epidemies","status":"publish","type":"post","link":"https:\/\/www.friaguinee.net\/index.php\/2021\/05\/22\/troisieme-livraison-dequipements-de-sante-lue-aux-cotes-de-la-france-et-de-lallemagne-dans-la-riposte-aux-epidemies\/","title":{"rendered":"Troisi\u00e8me livraison d\u2019\u00e9quipements de sant\u00e9: l\u2019UE aux c\u00f4t\u00e9s de la France et de l\u2019Allemagne dans la riposte aux \u00e9pid\u00e9mies"},"content":{"rendered":"\n<p>Le vendredi 21 mai 2021 \u00e0 la Pharmacie Centrale de Guin\u00e9e (PCG), le Ministre des Affaires \u00e9trang\u00e8res et des guin\u00e9ens de l\u2019\u00e9trangers, M. Ibrahima Khalil Kaba, le Ministre de la Sant\u00e9, le M\u00e9decin G\u00e9n\u00e9ral R\u00e9my Lamah, et la Cheffe de cabinet du Ministre de la Coop\u00e9ration et de l\u2019Int\u00e9gration Africaine, ont r\u00e9ceptionn\u00e9 la troisi\u00e8me livraison de mat\u00e9riel de sant\u00e9, en pr\u00e9sence des repr\u00e9sentants des pays donateurs, les Ambassadeurs de l\u2019Union europ\u00e9enne, Josep Coll, de l\u2019Allemagne, Ulrich Meier-Tesch, et de la France, Marc Fonbaustier. .<\/p>\n\n\n\n<p>Cette troisi\u00e8me livraison r\u00e9pond \u00e0 une demande d\u2019assistance de la Guin\u00e9e, en date du 18 f\u00e9vrier, pour des \u00e9quipements de protection individuelle. Cette op\u00e9ration a \u00e9t\u00e9 rendue possible gr\u00e2ce au m\u00e9canisme de protection civile de l\u2019Union europ\u00e9enne (UCPM) \u2013 un dispositif d\u2019urgence pour apporter des r\u00e9ponses imm\u00e9diates aux \u00e9pid\u00e9mies.<\/p>\n\n\n\n<p>Ensemble, l\u2019Union europ\u00e9enne, l\u2019Allemagne, la France, et pr\u00e9c\u00e9demment la Belgique, reconnaissent l\u2019importance vitale de prot\u00e9ger le personnel participant sans rel\u00e2che \u00e0 la riposte aux \u00e9pid\u00e9mies qui s\u00e9vissent depuis de longs mois, tant sur le vieux continent avec la pand\u00e9mie du COVID-19 qu\u2019en Guin\u00e9e o\u00f9 diverses \u00e9pid\u00e9mies se succ\u00e8dent.<\/p>\n\n\n\n<p>\u00c0 cette occasion, MM. les Ambassadeurs et les Ministres ont salu\u00e9 cette intervention, v\u00e9ritable marqueur de la solidarit\u00e9 internationale et des liens de coop\u00e9ration qui unissent la Guin\u00e9e \u00e0 l\u2019Union europ\u00e9enne et ses \u00c9tat membres. \u00ab&nbsp;<em>Cet appui d\u2019urgence rappelle qu\u2019aucun \u00c9tat n\u2019est \u00e0 l\u2019abri en cas d\u2019\u00e9pid\u00e9mie ou de pand\u00e9mie et que par cons\u00e9quent, la coordination, la solidarit\u00e9 inter\u00e9tatique et le multilat\u00e9ralisme sont des n\u00e9cessit\u00e9s. Personne ne sera en s\u00e9curit\u00e9 tant que tout le monde ne l\u2019est pas.<\/em>\u00bb&nbsp;a entre autre rappel\u00e9 Josep Coll.<\/p>\n\n\n\n<p>Remis \u00e0 la PCG, ce mat\u00e9riel permettra de r\u00e9pondre aux besoins de riposte aux \u00e9pid\u00e9mies ainsi qu\u2019au fonctionnement courant des laboratoires.<\/p>\n\n\n\n<p>Une premi\u00e8re livraison avait \u00e9t\u00e9 effectu\u00e9e le 23 f\u00e9vrier 2021 par la France qui avait envoy\u00e9 \u00e0 cette occasion 510 kits de protection individuelle. Le 21 avril, la Belgique avait \u00e9galement offert 600.000 masques chirurgicaux et 160.000 masques KN95.<\/p>\n\n\n\n<p><strong>La D\u00e9l\u00e9gation de l\u2019Union europ\u00e9enne en R\u00e9publique de Guin\u00e9e<\/strong><\/p>\n\n\n\n<p><em>Pour rappel,\u00a0En 2001, la Commission europ\u00e9enne a cr\u00e9\u00e9 le M\u00e9canisme europ\u00e9en de protection civile avec les \u00c9tats membres de l\u2019UE et 6 autres pays participant au m\u00e9canisme en vue d\u2019am\u00e9liorer la pr\u00e9vention, pr\u00e9paration et r\u00e9action aux catastrophes. Lorsqu\u2019un pays est d\u00e9pass\u00e9 dans ses capacit\u00e9s de r\u00e9ponse par l\u2019ampleur d\u2019une catastrophe, il peut demander assistance via le m\u00e9canisme. La Commission europ\u00e9enne contribue \u00e0 au moins 75% des frais de transport et\/ou co\u00fbts op\u00e9rationnels des missions de d\u00e9ploiement.<\/em><\/p>\n\n\n\n<p>UE<\/p>\n","protected":false},"excerpt":{"rendered":"<p>Le vendredi 21 mai 2021 \u00e0 la Pharmacie Centrale de Guin\u00e9e (PCG), le Ministre des Affaires \u00e9trang\u00e8res et des guin\u00e9ens de l\u2019\u00e9trangers, M. Ibrahima Khalil Kaba, le Ministre de la Sant\u00e9, le M\u00e9decin G\u00e9n\u00e9ral R\u00e9my Lamah, et la Cheffe de cabinet du Ministre de la Coop\u00e9ration et de l\u2019Int\u00e9gration Africaine, ont r\u00e9ceptionn\u00e9 la troisi\u00e8me livraison [&hellip;]<\/p>\n","protected":false},"author":2,"featured_media":34003,"comment_status":"open","ping_status":"open","sticky":false,"template":"","format":"standard","meta":{"footnotes":""},"categories":[1464],"tags":[7090,7089,148,4122,1843],"class_list":["post-34001","post","type-post","status-publish","format-standard","has-post-thumbnail","hentry","category-cooperation","tag-epidemies","tag-equipements-de-sante","tag-guinee","tag-ministere-des-affaires-etrangeres","tag-union-europeenne"],"_links":{"self":[{"href":"https:\/\/www.friaguinee.net\/index.php\/wp-json\/wp\/v2\/posts\/34001","targetHints":{"allow":["GET"]}}],"collection":[{"href":"https:\/\/www.friaguinee.net\/index.php\/wp-json\/wp\/v2\/posts"}],"about":[{"href":"https:\/\/www.friaguinee.net\/index.php\/wp-json\/wp\/v2\/types\/post"}],"author":[{"embeddable":true,"href":"https:\/\/www.friaguinee.net\/index.php\/wp-json\/wp\/v2\/users\/2"}],"replies":[{"embeddable":true,"href":"https:\/\/www.friaguinee.net\/index.php\/wp-json\/wp\/v2\/comments?post=34001"}],"version-history":[{"count":2,"href":"https:\/\/www.friaguinee.net\/index.php\/wp-json\/wp\/v2\/posts\/34001\/revisions"}],"predecessor-version":[{"id":34004,"href":"https:\/\/www.friaguinee.net\/index.php\/wp-json\/wp\/v2\/posts\/34001\/revisions\/34004"}],"wp:featuredmedia":[{"embeddable":true,"href":"https:\/\/www.friaguinee.net\/index.php\/wp-json\/wp\/v2\/media\/34003"}],"wp:attachment":[{"href":"https:\/\/www.friaguinee.net\/index.php\/wp-json\/wp\/v2\/media?parent=34001"}],"wp:term":[{"taxonomy":"category","embeddable":true,"href":"https:\/\/www.friaguinee.net\/index.php\/wp-json\/wp\/v2\/categories?post=34001"},{"taxonomy":"post_tag","embeddable":true,"href":"https:\/\/www.friaguinee.net\/index.php\/wp-json\/wp\/v2\/tags?post=34001"}],"curies":[{"name":"wp","href":"https:\/\/api.w.org\/{rel}","templated":true}]}}