{"id":33809,"date":"2021-05-18T20:41:50","date_gmt":"2021-05-18T20:41:50","guid":{"rendered":"http:\/\/www.friaguinee.net\/?p=33809"},"modified":"2021-05-18T20:41:51","modified_gmt":"2021-05-18T20:41:51","slug":"fode-oussou-bloque-a-laeroport-de-conakry-la-coordination-des-federations-ufdg-de-lamerique-du-nord-denonce-et-condamne","status":"publish","type":"post","link":"https:\/\/www.friaguinee.net\/index.php\/2021\/05\/18\/fode-oussou-bloque-a-laeroport-de-conakry-la-coordination-des-federations-ufdg-de-lamerique-du-nord-denonce-et-condamne\/","title":{"rendered":"Fod\u00e9 Oussou bloqu\u00e9 \u00e0 l&rsquo;a\u00e9roport de Conakry : la coordination des f\u00e9d\u00e9rations UFDG de l&rsquo;Am\u00e9rique du Nord d\u00e9nonce et condamne"},"content":{"rendered":"\n<p>La coordination des 14 f\u00e9d\u00e9rations de l&rsquo;union des forces d\u00e9mocratiques de Guin\u00e9e ( UFDG) de l&rsquo;Am\u00e9rique du Nord condamne avec la plus grande fermet\u00e9, le refus de voyager par le r\u00e9gime en  place \u00e0 Dr Fod\u00e9 Oussou Fofana, Vice-pr\u00e9sident de l&rsquo;UFDG.<\/p>\n\n\n\n<p>Ci-dessous la d\u00e9claration de la coordination <\/p>\n\n\n\n<figure class=\"wp-block-image\"><img loading=\"lazy\" decoding=\"async\" width=\"720\" height=\"810\" src=\"http:\/\/www.friaguinee.net\/wp-content\/uploads\/2021\/05\/20210518_203445.jpg\" alt=\"\" class=\"wp-image-33810\" srcset=\"https:\/\/www.friaguinee.net\/wp-content\/uploads\/2021\/05\/20210518_203445.jpg 720w, https:\/\/www.friaguinee.net\/wp-content\/uploads\/2021\/05\/20210518_203445-267x300.jpg 267w, https:\/\/www.friaguinee.net\/wp-content\/uploads\/2021\/05\/20210518_203445-696x783.jpg 696w, https:\/\/www.friaguinee.net\/wp-content\/uploads\/2021\/05\/20210518_203445-373x420.jpg 373w\" sizes=\"auto, (max-width: 720px) 100vw, 720px\" \/><\/figure>\n","protected":false},"excerpt":{"rendered":"<p>La coordination des 14 f\u00e9d\u00e9rations de l&rsquo;union des forces d\u00e9mocratiques de Guin\u00e9e ( UFDG) de l&rsquo;Am\u00e9rique du Nord condamne avec la plus grande fermet\u00e9, le refus de voyager par le r\u00e9gime en place \u00e0 Dr Fod\u00e9 Oussou Fofana, Vice-pr\u00e9sident de l&rsquo;UFDG. Ci-dessous la d\u00e9claration de la coordination<\/p>\n","protected":false},"author":2,"featured_media":33811,"comment_status":"open","ping_status":"open","sticky":false,"template":"","format":"standard","meta":{"footnotes":""},"categories":[163],"tags":[1294,7045,7044,1834,184],"class_list":["post-33809","post","type-post","status-publish","format-standard","has-post-thumbnail","hentry","category-politique","tag-aeroport","tag-amerique-du-nord","tag-fode-oussou-fofana","tag-gbessia","tag-ufdg"],"_links":{"self":[{"href":"https:\/\/www.friaguinee.net\/index.php\/wp-json\/wp\/v2\/posts\/33809","targetHints":{"allow":["GET"]}}],"collection":[{"href":"https:\/\/www.friaguinee.net\/index.php\/wp-json\/wp\/v2\/posts"}],"about":[{"href":"https:\/\/www.friaguinee.net\/index.php\/wp-json\/wp\/v2\/types\/post"}],"author":[{"embeddable":true,"href":"https:\/\/www.friaguinee.net\/index.php\/wp-json\/wp\/v2\/users\/2"}],"replies":[{"embeddable":true,"href":"https:\/\/www.friaguinee.net\/index.php\/wp-json\/wp\/v2\/comments?post=33809"}],"version-history":[{"count":1,"href":"https:\/\/www.friaguinee.net\/index.php\/wp-json\/wp\/v2\/posts\/33809\/revisions"}],"predecessor-version":[{"id":33812,"href":"https:\/\/www.friaguinee.net\/index.php\/wp-json\/wp\/v2\/posts\/33809\/revisions\/33812"}],"wp:featuredmedia":[{"embeddable":true,"href":"https:\/\/www.friaguinee.net\/index.php\/wp-json\/wp\/v2\/media\/33811"}],"wp:attachment":[{"href":"https:\/\/www.friaguinee.net\/index.php\/wp-json\/wp\/v2\/media?parent=33809"}],"wp:term":[{"taxonomy":"category","embeddable":true,"href":"https:\/\/www.friaguinee.net\/index.php\/wp-json\/wp\/v2\/categories?post=33809"},{"taxonomy":"post_tag","embeddable":true,"href":"https:\/\/www.friaguinee.net\/index.php\/wp-json\/wp\/v2\/tags?post=33809"}],"curies":[{"name":"wp","href":"https:\/\/api.w.org\/{rel}","templated":true}]}}