{"id":33768,"date":"2021-05-18T11:27:35","date_gmt":"2021-05-18T11:27:35","guid":{"rendered":"http:\/\/www.friaguinee.net\/?p=33768"},"modified":"2021-05-18T11:27:36","modified_gmt":"2021-05-18T11:27:36","slug":"guinee-situation-sociopolitique-les-recommandations-du-parti-arena-de-sekou-koureissy-conde","status":"publish","type":"post","link":"https:\/\/www.friaguinee.net\/index.php\/2021\/05\/18\/guinee-situation-sociopolitique-les-recommandations-du-parti-arena-de-sekou-koureissy-conde\/","title":{"rendered":"Guin\u00e9e\/Situation sociopolitique : les recommandations du parti ARENA de S\u00e9kou Koureissy Cond\u00e9"},"content":{"rendered":"\n<p>La R\u00e9publique de Guin\u00e9e est un pays reconnu pour sa diversit\u00e9 ethnique et culturelle et pour son hospitalit\u00e9 l\u00e9gendaire. La paix et le vivre ensemble sont des valeurs qu\u2019elle a su d\u00e9velopper et entretenir depuis son accession \u00e0 l\u2019ind\u00e9pendance.<\/p>\n\n\n\n<p>Le parti Alliance pour le Renouveau National (ARENA), soucieux du devenir de la Guin\u00e9e et des guin\u00e9ens et fid\u00e8le \u00e0 son id\u00e9ologie ax\u00e9e sur la paix et le d\u00e9veloppement \u00e9conomique et social, observe avec la plus grande attention la situation socio-politique du pays.<br>En effet, \u00e0 l\u2019occasion du double scrutin l\u00e9gislatif et r\u00e9f\u00e9rendaire du 22 mars 2020 et de l\u2019\u00e9lection pr\u00e9sidentielle du 18 octobre de la m\u00eame ann\u00e9e, le Parti ARENA a constat\u00e9 avec beaucoup de pr\u00e9occupation l\u2019escalade de la violence (verbale et physique) qui a endeuill\u00e9 de nombreuses familles. Ces violences, en plus des pertes en vie humaine, ont caus\u00e9 beaucoup de d\u00e9g\u00e2ts moraux, mat\u00e9riels et financiers.<\/p>\n\n\n\n<p>Il constate \u00e9galement que la situation des victimes des violences n\u2019a jamais \u00e9t\u00e9 une pr\u00e9occupation, ni de la soci\u00e9t\u00e9 civile, encore moins de la soci\u00e9t\u00e9 politique. Pour s\u2019en convaincre, il suffit juste de voir les diff\u00e9rentes d\u00e9clarations de la soci\u00e9t\u00e9 civile, des partis politiques et de la politique g\u00e9n\u00e9rale du gouvernement qui ne tiennent nullement compte de la r\u00e9paration des dommages caus\u00e9s. Ce qui veut dire que les victimes sont vite oubli\u00e9es.<\/p>\n\n\n\n<p>En d\u00e9pit de ces constats, le parti ARENA se f\u00e9licite qu\u2019apr\u00e8s ces violences, les guin\u00e9ens ont renou\u00e9 avec la paix et le bon vivre ensemble qui sont des valeurs partag\u00e9es et reconnues de tous.<br>Il se f\u00e9licite aussi de la volont\u00e9 affich\u00e9e du gouvernement \u00e0 restaurer l\u2019autorit\u00e9 de l\u2019Etat et \u00e0 assurer son r\u00f4le r\u00e9galien de maintien de l\u2019ordre, apr\u00e8s ces cycles de violences, \u00e0 travers le d\u00e9ploiement d\u2019un important dispositif s\u00e9curitaire pour la protection des personnes et de leurs biens sur toute l\u2019\u00e9tendue du territoire national.<\/p>\n\n\n\n<p>Il se f\u00e9licite \u00e9galement de constater que la justice s\u2019est saisie de la situation en engageant des poursuites p\u00e9nales afin de faire la lumi\u00e8re sur des nombreuses et graves violations des droits humains, malgr\u00e9 quelques manquements constat\u00e9s dans la proc\u00e9dure d\u2019interpellation de certains pr\u00e9sum\u00e9s auteurs des crimes commis \u00e0 l\u2019occasion de ces \u00e9v\u00e8nements.<\/p>\n\n\n\n<p>Il se r\u00e9jouit de l\u2019\u00e9volution r\u00e9cente du dossier, notamment le renvoie de certaines personnes inculp\u00e9es devant le tribunal pour le jugement et le non-lieu prononc\u00e9 en faveur d\u2019autres. Ce qui est un indice qui redonne l\u2019espoir apr\u00e8s un long temps d\u2019attente et de d\u00e9sespoir des familles des personnes priv\u00e9es de libert\u00e9.<\/p>\n\n\n\n<p>Le parti rappelle que la Guin\u00e9e a ratifi\u00e9 un certain nombre d\u2019engagements internationaux qui contiennent des dispositions relatives aux droits de l\u2019homme en mati\u00e8re de proc\u00e9dure judiciaire que la justice doit int\u00e9grer, dans tous les cas, dans sa pratique. Il s\u2019agit entre autres des principes comme l\u2019interdiction de la d\u00e9tention arbitraire, le droit \u00e0 la d\u00e9fense, le droit \u00e0 l\u2019\u00e9galit\u00e9 devant la justice, l\u2019ind\u00e9pendance et l\u2019impartialit\u00e9 de la justice, le droit d\u2019\u00eatre jug\u00e9 dans un court d\u00e9lai.<\/p>\n\n\n\n<p>A la lumi\u00e8re de ces constats, le parti ARENA recommande de :<br>\u2013 Acc\u00e9l\u00e9rer la proc\u00e9dure judiciaire pour que les personnes d\u00e9tenues puissent \u00eatre fix\u00e9es sur leur sort ;<br>\u2013 Accorder la r\u00e9paration aux victimes des r\u00e9centes violences socio-politiques que le pays a connue;<br>\u2013 Garantir la s\u00e9curit\u00e9 des citoyens et de leurs biens pour la non-r\u00e9p\u00e9tition des violences verbales et physiques.<\/p>\n\n\n\n<p>Le parti ARENA recommande \u00e9galement :<br>\u2013 Aux partis politiques et \u00e0 la soci\u00e9t\u00e9 civile d\u2019int\u00e9grer dans leur d\u00e9marche la d\u00e9fense des droits des victimes \u00e0 l\u2019occasion des troubles socio-politiques ;<br>\u2013 Aux forces de l\u2019ordre d\u2019agir avec beaucoup plus de professionnalisme pour \u00e9viter des morts d\u2019hommes lors des manifestions politiques et sociales ;<br>\u2013 Aux organisateurs des manifestions de s\u2019impliquer pour \u00e9viter que les manifestations soient violentes conduisant aux cas de blessures et de morts d\u2019hommes.<\/p>\n\n\n\n<p>Conakry le 18 mai 2021<\/p>\n\n\n\n<p>Le Bureau politique National<\/p>\n","protected":false},"excerpt":{"rendered":"<p>La R\u00e9publique de Guin\u00e9e est un pays reconnu pour sa diversit\u00e9 ethnique et culturelle et pour son hospitalit\u00e9 l\u00e9gendaire. La paix et le vivre ensemble sont des valeurs qu\u2019elle a su d\u00e9velopper et entretenir depuis son accession \u00e0 l\u2019ind\u00e9pendance. Le parti Alliance pour le Renouveau National (ARENA), soucieux du devenir de la Guin\u00e9e et des [&hellip;]<\/p>\n","protected":false},"author":2,"featured_media":33769,"comment_status":"open","ping_status":"open","sticky":false,"template":"","format":"standard","meta":{"footnotes":""},"categories":[163],"tags":[7026,148,7027,7025],"class_list":["post-33768","post","type-post","status-publish","format-standard","has-post-thumbnail","hentry","category-politique","tag-arena","tag-guinee","tag-sekou-kouressy-conde","tag-situation-socio-politique"],"_links":{"self":[{"href":"https:\/\/www.friaguinee.net\/index.php\/wp-json\/wp\/v2\/posts\/33768","targetHints":{"allow":["GET"]}}],"collection":[{"href":"https:\/\/www.friaguinee.net\/index.php\/wp-json\/wp\/v2\/posts"}],"about":[{"href":"https:\/\/www.friaguinee.net\/index.php\/wp-json\/wp\/v2\/types\/post"}],"author":[{"embeddable":true,"href":"https:\/\/www.friaguinee.net\/index.php\/wp-json\/wp\/v2\/users\/2"}],"replies":[{"embeddable":true,"href":"https:\/\/www.friaguinee.net\/index.php\/wp-json\/wp\/v2\/comments?post=33768"}],"version-history":[{"count":1,"href":"https:\/\/www.friaguinee.net\/index.php\/wp-json\/wp\/v2\/posts\/33768\/revisions"}],"predecessor-version":[{"id":33770,"href":"https:\/\/www.friaguinee.net\/index.php\/wp-json\/wp\/v2\/posts\/33768\/revisions\/33770"}],"wp:featuredmedia":[{"embeddable":true,"href":"https:\/\/www.friaguinee.net\/index.php\/wp-json\/wp\/v2\/media\/33769"}],"wp:attachment":[{"href":"https:\/\/www.friaguinee.net\/index.php\/wp-json\/wp\/v2\/media?parent=33768"}],"wp:term":[{"taxonomy":"category","embeddable":true,"href":"https:\/\/www.friaguinee.net\/index.php\/wp-json\/wp\/v2\/categories?post=33768"},{"taxonomy":"post_tag","embeddable":true,"href":"https:\/\/www.friaguinee.net\/index.php\/wp-json\/wp\/v2\/tags?post=33768"}],"curies":[{"name":"wp","href":"https:\/\/api.w.org\/{rel}","templated":true}]}}