{"id":33749,"date":"2021-05-18T10:01:44","date_gmt":"2021-05-18T10:01:44","guid":{"rendered":"http:\/\/www.friaguinee.net\/?p=33749"},"modified":"2021-05-18T10:01:46","modified_gmt":"2021-05-18T10:01:46","slug":"kankan-le-chef-de-la-maternite-et-la-sage-femme-suspendus-et-mis-aux-arrets","status":"publish","type":"post","link":"https:\/\/www.friaguinee.net\/index.php\/2021\/05\/18\/kankan-le-chef-de-la-maternite-et-la-sage-femme-suspendus-et-mis-aux-arrets\/","title":{"rendered":"Kankan : le chef de la maternit\u00e9 et la sage-femme, suspendus et mis aux arr\u00eats"},"content":{"rendered":"\n<p>Suite\nau d\u00e9c\u00e8s de la femme enceinte \u00e0 kankan qui a suscit\u00e9 une indignation au sein de\nla famille de la d\u00e9funte mais surtout au sein de la population, des sanctions\nne se sont pas fait attendre du c\u00f4t\u00e9 de la direction r\u00e9gionale de la sant\u00e9 de Kankan.\nLe chef du service de la maternit\u00e9 de l\u2019h\u00f4pital r\u00e9gional de Kankan et la\nsage-femme, les principaux accus\u00e9s viennent d\u2019\u00eatre suspendus de leurs fonctions\net mieux mis aux arr\u00eats.<\/p>\n\n\n\n<p>Aboubacar\nKaba le responsable de la cellule de communication de la direction, revient sur\nles motivations de leurs d\u00e9cisions <\/p>\n\n\n\n<p><em><strong>\u00ab Apr\u00e8s le d\u00e9c\u00e8s de cette dame qui a fait beaucoup couler de salives, nous avons aussit\u00f4t tenu une r\u00e9union d\u2019urgence sur cette affaire, parce qu\u2019un tel acte n\u2019honore pas notre institution. Ainsi nous avons d\u00e9cid\u00e9 de sanctionner les mis en cause. Les deux concern\u00e9s sont actuellement arr\u00eat\u00e9s et se trouvent dans un commissariat de la ville, ils seront entendus sur leur implication dans cette affaire et l\u2019affaire suivra son cours afin de mettre fin \u00e0 de telles pratiques\u00bb<\/strong><\/em><strong> <\/strong>a d\u00e9clar\u00e9 le charg\u00e9&nbsp;de la communication de l\u2019h\u00f4pital.<\/p>\n\n\n\n<p>Affaire \u00e0 suivre !<\/p>\n\n\n\n<p><strong>Fatoumata Camara pour friaguinee.net<\/strong><\/p>\n\n\n\n<p><\/p>\n","protected":false},"excerpt":{"rendered":"<p>Suite au d\u00e9c\u00e8s de la femme enceinte \u00e0 kankan qui a suscit\u00e9 une indignation au sein de la famille de la d\u00e9funte mais surtout au sein de la population, des sanctions ne se sont pas fait attendre du c\u00f4t\u00e9 de la direction r\u00e9gionale de la sant\u00e9 de Kankan. Le chef du service de la maternit\u00e9 [&hellip;]<\/p>\n","protected":false},"author":3,"featured_media":33664,"comment_status":"open","ping_status":"open","sticky":false,"template":"","format":"standard","meta":{"footnotes":""},"categories":[2],"tags":[7021,1365,7023,7022],"class_list":["post-33749","post","type-post","status-publish","format-standard","has-post-thumbnail","hentry","category-actualites","tag-chef-de-la-maternite","tag-kankan","tag-mis-aux-arrtes","tag-sage-femme"],"_links":{"self":[{"href":"https:\/\/www.friaguinee.net\/index.php\/wp-json\/wp\/v2\/posts\/33749","targetHints":{"allow":["GET"]}}],"collection":[{"href":"https:\/\/www.friaguinee.net\/index.php\/wp-json\/wp\/v2\/posts"}],"about":[{"href":"https:\/\/www.friaguinee.net\/index.php\/wp-json\/wp\/v2\/types\/post"}],"author":[{"embeddable":true,"href":"https:\/\/www.friaguinee.net\/index.php\/wp-json\/wp\/v2\/users\/3"}],"replies":[{"embeddable":true,"href":"https:\/\/www.friaguinee.net\/index.php\/wp-json\/wp\/v2\/comments?post=33749"}],"version-history":[{"count":2,"href":"https:\/\/www.friaguinee.net\/index.php\/wp-json\/wp\/v2\/posts\/33749\/revisions"}],"predecessor-version":[{"id":33760,"href":"https:\/\/www.friaguinee.net\/index.php\/wp-json\/wp\/v2\/posts\/33749\/revisions\/33760"}],"wp:featuredmedia":[{"embeddable":true,"href":"https:\/\/www.friaguinee.net\/index.php\/wp-json\/wp\/v2\/media\/33664"}],"wp:attachment":[{"href":"https:\/\/www.friaguinee.net\/index.php\/wp-json\/wp\/v2\/media?parent=33749"}],"wp:term":[{"taxonomy":"category","embeddable":true,"href":"https:\/\/www.friaguinee.net\/index.php\/wp-json\/wp\/v2\/categories?post=33749"},{"taxonomy":"post_tag","embeddable":true,"href":"https:\/\/www.friaguinee.net\/index.php\/wp-json\/wp\/v2\/tags?post=33749"}],"curies":[{"name":"wp","href":"https:\/\/api.w.org\/{rel}","templated":true}]}}