{"id":33621,"date":"2021-05-14T14:33:54","date_gmt":"2021-05-14T14:33:54","guid":{"rendered":"http:\/\/www.friaguinee.net\/?p=33621"},"modified":"2021-05-14T14:33:56","modified_gmt":"2021-05-14T14:33:56","slug":"mali-demission-du-gouvernement-le-premier-ministre-moctar-ouane-reconduit","status":"publish","type":"post","link":"https:\/\/www.friaguinee.net\/index.php\/2021\/05\/14\/mali-demission-du-gouvernement-le-premier-ministre-moctar-ouane-reconduit\/","title":{"rendered":"Mali : d\u00e9mission du gouvernement, le Premier ministre Moctar Ouane reconduit"},"content":{"rendered":"\n<p>Le Premier ministre a pr\u00e9sent\u00e9 sa d\u00e9mission et celle de son gouvernement, ce vendredi 14 mai au pr\u00e9sident de transition Bah N\u2019Daw. Moctar Ouane a imm\u00e9diatement \u00e9t\u00e9 reconduit et charg\u00e9 de former un nouveau gouvernement faisant plus de place \u00e0 la classe politique.<\/p>\n\n\n\n<p>La d\u00e9mission du&nbsp;<a href=\"https:\/\/www.jeuneafrique.com\/1050785\/politique\/mali-qui-est-moctar-ouane-le-nouveau-premier-ministre-de-transition\/\">Premier ministre Moctar Ouane<\/a>&nbsp;et de son gouvernement intervient apr\u00e8s une s\u00e9rie de rencontres initi\u00e9e par le pr\u00e9sident Bah N\u2019Daw en vue de&nbsp;<a href=\"https:\/\/www.jeuneafrique.com\/1120207\/politique\/mali-moctar-ouane-rencontre-les-politiques-cinq-mois-apres-sa-nomination\/\">renouer le dialogue politique et social<\/a>&nbsp;entre les autorit\u00e9s de la transition et les repr\u00e9sentants des partis politiques et de la soci\u00e9t\u00e9 civile.<\/p>\n\n\n\n<h2 class=\"wp-block-heading\">Vers un gouvernement \u00ab plus inclusif \u00bb<\/h2>\n\n\n\n<p>Moctar Ouane a cependant \u00e9t\u00e9 imm\u00e9diatement reconduit \u00e0 la primature, et charg\u00e9 de constituer un gouvernement \u00ab plus inclusif \u00bb et \u00ab faisant plus de place \u00e0 la classe politique\u00a0\u00bb, selon les confidences de l\u2019un des membres du gouvernement sortant \u00e0\u00a0<em>Jeune Afrique<\/em>.<\/p>\n\n\n\n<p>Selon notre source, cette d\u00e9cision ne serait pas en rapport avec la visite r\u00e9cente de la Cedeao, mais plut\u00f4t li\u00e9e \u00e0 la rencontre entre Bah N\u2019Daw et les repr\u00e9sentants du Mouvement du 5 juin-Rassemblement des forces patriotiques (M5-RFP), le 6 mai dernier.<\/p>\n\n\n\n<p>Le M5 avait alors r\u00e9clam\u00e9, par la voix de Choguel Ma\u00efga, pr\u00e9sident du comit\u00e9 strat\u00e9gique du mouvement,\u00a0\u00ab la d\u00e9mission du gouvernement \u00bb et une \u00ab rectification de la transition\u00a0\u00bb. Il avait \u00e9galement rappel\u00e9 avoir introduit une proc\u00e9dure devant la Cour supr\u00eame r\u00e9clamant la dissolution du gouvernement et celle du Conseil national de transition (CNT), l\u2019organe l\u00e9gislatif, r\u00e9clamant la mise en place d\u2019une instance \u00ab plus respectueuse de la loi et plus l\u00e9gitime \u00bb.<\/p>\n\n\n\n<p>JA<\/p>\n","protected":false},"excerpt":{"rendered":"<p>Le Premier ministre a pr\u00e9sent\u00e9 sa d\u00e9mission et celle de son gouvernement, ce vendredi 14 mai au pr\u00e9sident de transition Bah N\u2019Daw. Moctar Ouane a imm\u00e9diatement \u00e9t\u00e9 reconduit et charg\u00e9 de former un nouveau gouvernement faisant plus de place \u00e0 la classe politique. La d\u00e9mission du&nbsp;Premier ministre Moctar Ouane&nbsp;et de son gouvernement intervient apr\u00e8s une [&hellip;]<\/p>\n","protected":false},"author":2,"featured_media":33622,"comment_status":"open","ping_status":"open","sticky":false,"template":"","format":"standard","meta":{"footnotes":""},"categories":[42],"tags":[2097,279,2519,5092,4319,2110,5010],"class_list":["post-33621","post","type-post","status-publish","format-standard","has-post-thumbnail","hentry","category-afrique","tag-demission","tag-gouvernement","tag-mali","tag-moctar-douane","tag-nouveau-gouvernement","tag-premier-ministre","tag-transition"],"_links":{"self":[{"href":"https:\/\/www.friaguinee.net\/index.php\/wp-json\/wp\/v2\/posts\/33621","targetHints":{"allow":["GET"]}}],"collection":[{"href":"https:\/\/www.friaguinee.net\/index.php\/wp-json\/wp\/v2\/posts"}],"about":[{"href":"https:\/\/www.friaguinee.net\/index.php\/wp-json\/wp\/v2\/types\/post"}],"author":[{"embeddable":true,"href":"https:\/\/www.friaguinee.net\/index.php\/wp-json\/wp\/v2\/users\/2"}],"replies":[{"embeddable":true,"href":"https:\/\/www.friaguinee.net\/index.php\/wp-json\/wp\/v2\/comments?post=33621"}],"version-history":[{"count":1,"href":"https:\/\/www.friaguinee.net\/index.php\/wp-json\/wp\/v2\/posts\/33621\/revisions"}],"predecessor-version":[{"id":33623,"href":"https:\/\/www.friaguinee.net\/index.php\/wp-json\/wp\/v2\/posts\/33621\/revisions\/33623"}],"wp:featuredmedia":[{"embeddable":true,"href":"https:\/\/www.friaguinee.net\/index.php\/wp-json\/wp\/v2\/media\/33622"}],"wp:attachment":[{"href":"https:\/\/www.friaguinee.net\/index.php\/wp-json\/wp\/v2\/media?parent=33621"}],"wp:term":[{"taxonomy":"category","embeddable":true,"href":"https:\/\/www.friaguinee.net\/index.php\/wp-json\/wp\/v2\/categories?post=33621"},{"taxonomy":"post_tag","embeddable":true,"href":"https:\/\/www.friaguinee.net\/index.php\/wp-json\/wp\/v2\/tags?post=33621"}],"curies":[{"name":"wp","href":"https:\/\/api.w.org\/{rel}","templated":true}]}}