{"id":33434,"date":"2021-05-07T19:05:55","date_gmt":"2021-05-07T19:05:55","guid":{"rendered":"http:\/\/www.friaguinee.net\/?p=33434"},"modified":"2021-05-07T19:11:22","modified_gmt":"2021-05-07T19:11:22","slug":"fria-ville-propre-une-journee-dassainissement-sera-organisee-lundi-10-mai-2021","status":"publish","type":"post","link":"https:\/\/www.friaguinee.net\/index.php\/2021\/05\/07\/fria-ville-propre-une-journee-dassainissement-sera-organisee-lundi-10-mai-2021\/","title":{"rendered":"Fria, ville propre : une journ\u00e9e d&rsquo;assainissement sera organis\u00e9e lundi 10 mai 2021"},"content":{"rendered":"\n<p>Faire de Fria une ville agr\u00e9able \u00e0 vivre est l&rsquo;objectif dont s&rsquo;est fix\u00e9 le nouveau Pr\u00e9fet, Colonel Mamadou Lamarana Diallo. Il l&rsquo;a fait savoir lors de la c\u00e9r\u00e9monie de remise d&rsquo;un montant octroy\u00e9 \u00e0 la jeunesse.<\/p>\n\n\n\n<figure class=\"wp-block-image\"><img loading=\"lazy\" decoding=\"async\" width=\"720\" height=\"324\" src=\"http:\/\/www.friaguinee.net\/wp-content\/uploads\/2021\/05\/FB_IMG_16204136947323984.jpg\" alt=\"\" class=\"wp-image-33444\" srcset=\"https:\/\/www.friaguinee.net\/wp-content\/uploads\/2021\/05\/FB_IMG_16204136947323984.jpg 720w, https:\/\/www.friaguinee.net\/wp-content\/uploads\/2021\/05\/FB_IMG_16204136947323984-300x135.jpg 300w, https:\/\/www.friaguinee.net\/wp-content\/uploads\/2021\/05\/FB_IMG_16204136947323984-696x313.jpg 696w\" sizes=\"auto, (max-width: 720px) 100vw, 720px\" \/><\/figure>\n\n\n\n<p>Pour lier l&rsquo;acte \u00e0 la parole, le maire de la commune urbaine a, dans le but de r\u00e9aliser le v\u0153u du Pr\u00e9fet, convoqu\u00e9 une r\u00e9union ce vendredi 7 mai 2021. La rencontre qui a eu lieu dans la salle des actes de la mairie, a regroup\u00e9 les conseillers communaux, les pr\u00e9sidents des conseils de quartiers, les acteurs de la soci\u00e9t\u00e9 civile, les syndicats des transporteurs et les associations  de jeunes, en vue d&rsquo;\u00e9tablir un programme d&rsquo;assainissement d\u00e9nomm\u00e9 Fria ville propre. <\/p>\n\n\n\n<p>A l&rsquo;entame de ses propos, le maire est revenu sur les motifs de cette rencontre.<\/p>\n\n\n\n<p>&lt;&lt; <strong><em>J&rsquo;ai fait appel aujourd&rsquo;hui aux chefs de quartier, \u00e0 la soci\u00e9t\u00e9 civile, au syndicat des transporteurs, les taxi-motards et la jeunesse, pour discuter de l&rsquo;initiative de M. le pr\u00e9fet qui, depuis son arriv\u00e9e m&rsquo;a dit personnellement que la population de Fria sait accueillir une autorit\u00e9. Il m&rsquo;a ensuite dit que la ville est sale, qu&rsquo;il souhaiterait qu&rsquo;on organise une journ\u00e9e d&rsquo;assainissement de la ville de Fria. Nous sommes l\u00e0 pour ensemble choisir un jour pour rendre notre ville propre<\/em><\/strong> &gt;&gt; a d\u00e9clar\u00e9 Elhadj Lansana Boffa Camara.<\/p>\n\n\n\n<figure class=\"wp-block-image\"><img loading=\"lazy\" decoding=\"async\" width=\"720\" height=\"324\" src=\"http:\/\/www.friaguinee.net\/wp-content\/uploads\/2021\/05\/FB_IMG_16204105308860785.jpg\" alt=\"\" class=\"wp-image-33443\" srcset=\"https:\/\/www.friaguinee.net\/wp-content\/uploads\/2021\/05\/FB_IMG_16204105308860785.jpg 720w, https:\/\/www.friaguinee.net\/wp-content\/uploads\/2021\/05\/FB_IMG_16204105308860785-300x135.jpg 300w, https:\/\/www.friaguinee.net\/wp-content\/uploads\/2021\/05\/FB_IMG_16204105308860785-696x313.jpg 696w\" sizes=\"auto, (max-width: 720px) 100vw, 720px\" \/><\/figure>\n\n\n\n<p>Apr\u00e8s quelques heures d&rsquo;\u00e9changes, les acteurs ont choisi la date du lundi 10 mai 2021 pour mettre \u00e0 ex\u00e9cution ce projet initi\u00e9 par Colonel Mamadou Lamarana Diallo. <\/p>\n\n\n\n<p>Pour r\u00e9ussir ce pari, le maire a invit\u00e9 les commer\u00e7ants \u00e0 fermer le march\u00e9 dans la matin\u00e9e du jour indiqu\u00e9 pour mener \u00e0 bien cette op\u00e9ration.<\/p>\n\n\n\n<p>Les repr\u00e9sentants des jeunes se sont r\u00e9jouis de l&rsquo;initiative et ont promis de s&rsquo;impliquer dans cette activit\u00e9 qu&rsquo;ils souhaitent voir se p\u00e9renniser. Ils ont \u00e9galement sugg\u00e9r\u00e9 la mise en place de PME de ramassage d&rsquo;ordure dans tous les quartiers de la commune urbaine. <\/p>\n\n\n\n<figure class=\"wp-block-image\"><img loading=\"lazy\" decoding=\"async\" width=\"720\" height=\"324\" src=\"http:\/\/www.friaguinee.net\/wp-content\/uploads\/2021\/05\/FB_IMG_16204105423887677.jpg\" alt=\"\" class=\"wp-image-33442\" srcset=\"https:\/\/www.friaguinee.net\/wp-content\/uploads\/2021\/05\/FB_IMG_16204105423887677.jpg 720w, https:\/\/www.friaguinee.net\/wp-content\/uploads\/2021\/05\/FB_IMG_16204105423887677-300x135.jpg 300w, https:\/\/www.friaguinee.net\/wp-content\/uploads\/2021\/05\/FB_IMG_16204105423887677-696x313.jpg 696w\" sizes=\"auto, (max-width: 720px) 100vw, 720px\" \/><\/figure>\n\n\n\n<p>La nouvelle qui s&rsquo;est vite r\u00e9pandue dans la commune, est accueillie avec joie. Pour les citoyens, Colonel Lamarana est un homme qui pourrait changer l&rsquo;image de la cit\u00e9 en lui redonnant son image d&rsquo;antan. <\/p>\n\n\n\n<p><strong>Abdoulaye Barry pour friaguinee.net <\/strong><\/p>\n\n\n\n<p><\/p>\n","protected":false},"excerpt":{"rendered":"<p>Faire de Fria une ville agr\u00e9able \u00e0 vivre est l&rsquo;objectif dont s&rsquo;est fix\u00e9 le nouveau Pr\u00e9fet, Colonel Mamadou Lamarana Diallo. Il l&rsquo;a fait savoir lors de la c\u00e9r\u00e9monie de remise d&rsquo;un montant octroy\u00e9 \u00e0 la jeunesse. Pour lier l&rsquo;acte \u00e0 la parole, le maire de la commune urbaine a, dans le but de r\u00e9aliser le [&hellip;]<\/p>\n","protected":false},"author":2,"featured_media":33440,"comment_status":"open","ping_status":"open","sticky":false,"template":"","format":"standard","meta":{"footnotes":""},"categories":[3],"tags":[198,6627,6926,49,6924],"class_list":["post-33434","post","type-post","status-publish","format-standard","has-post-thumbnail","hentry","category-societe","tag-assainissement","tag-colonel-mamadou-lamarana-diallo","tag-elhadj-lansana-boffa-camara","tag-fria","tag-ville-propre"],"_links":{"self":[{"href":"https:\/\/www.friaguinee.net\/index.php\/wp-json\/wp\/v2\/posts\/33434","targetHints":{"allow":["GET"]}}],"collection":[{"href":"https:\/\/www.friaguinee.net\/index.php\/wp-json\/wp\/v2\/posts"}],"about":[{"href":"https:\/\/www.friaguinee.net\/index.php\/wp-json\/wp\/v2\/types\/post"}],"author":[{"embeddable":true,"href":"https:\/\/www.friaguinee.net\/index.php\/wp-json\/wp\/v2\/users\/2"}],"replies":[{"embeddable":true,"href":"https:\/\/www.friaguinee.net\/index.php\/wp-json\/wp\/v2\/comments?post=33434"}],"version-history":[{"count":6,"href":"https:\/\/www.friaguinee.net\/index.php\/wp-json\/wp\/v2\/posts\/33434\/revisions"}],"predecessor-version":[{"id":33445,"href":"https:\/\/www.friaguinee.net\/index.php\/wp-json\/wp\/v2\/posts\/33434\/revisions\/33445"}],"wp:featuredmedia":[{"embeddable":true,"href":"https:\/\/www.friaguinee.net\/index.php\/wp-json\/wp\/v2\/media\/33440"}],"wp:attachment":[{"href":"https:\/\/www.friaguinee.net\/index.php\/wp-json\/wp\/v2\/media?parent=33434"}],"wp:term":[{"taxonomy":"category","embeddable":true,"href":"https:\/\/www.friaguinee.net\/index.php\/wp-json\/wp\/v2\/categories?post=33434"},{"taxonomy":"post_tag","embeddable":true,"href":"https:\/\/www.friaguinee.net\/index.php\/wp-json\/wp\/v2\/tags?post=33434"}],"curies":[{"name":"wp","href":"https:\/\/api.w.org\/{rel}","templated":true}]}}