{"id":33349,"date":"2021-05-06T11:50:31","date_gmt":"2021-05-06T11:50:31","guid":{"rendered":"http:\/\/www.friaguinee.net\/?p=33349"},"modified":"2021-05-06T11:50:32","modified_gmt":"2021-05-06T11:50:32","slug":"belgique-deux-enfants-guineens-meurent-dans-un-incendie","status":"publish","type":"post","link":"https:\/\/www.friaguinee.net\/index.php\/2021\/05\/06\/belgique-deux-enfants-guineens-meurent-dans-un-incendie\/","title":{"rendered":"Belgique : deux enfants guin\u00e9ens meurent dans un incendie"},"content":{"rendered":"\n<p>Un incendie a \u00e9t\u00e9 signal\u00e9 mercredi vers 12h45 dans une maison de trois \u00e9tages situ\u00e9e avenue Prudent Bols \u00e0 Laeken, a indiqu\u00e9 dans l\u2019apr\u00e8s-midi le porte-parole des pompiers de Bruxelles Walter Derieuw. <\/p>\n\n\n\n<p>Les secours ont transf\u00e9r\u00e9 vers les h\u00f4pitaux quatre personnes intoxiqu\u00e9es par la fum\u00e9e et deux personnes br\u00fbl\u00e9es, qui se trouvaient au premier \u00e9tage. Ces deux derni\u00e8res, des enfants n\u00e9s en 2016 et 2018, sont d\u00e9c\u00e9d\u00e9es \u00e0 l\u2019h\u00f4pital, a ajout\u00e9 une porte-parole du parquet de Bruxelles.<\/p>\n\n\n\n<p>A l\u2019arriv\u00e9e des pompiers sur les lieux, le feu \u00e9tait pleinement d\u00e9velopp\u00e9 au premier \u00e9tage et s\u2019attaquait au deuxi\u00e8me niveau. Les occupants ont \u00e9t\u00e9 mis en s\u00e9curit\u00e9 via la cage d\u2019escaliers.<\/p>\n\n\n\n<p>Le feu a \u00e9t\u00e9 \u00e9teint. La maison est inhabitable et l\u2019origine de l\u2019incendie reste \u00e0 d\u00e9terminer.<\/p>\n\n\n\n<p>Les pompiers ont d\u00e9ploy\u00e9 sur place deux autopompes, deux auto-\u00e9chelle, deux \u00e9quipages SMUR (Service Mobile d\u2019Urgence et de R\u00e9animation) et cinq ambulances. La police de la zone Bruxelles-Ixelles avait instaur\u00e9 un p\u00e9rim\u00e8tre de s\u00e9curit\u00e9.<\/p>\n\n\n\n<p>Les deux enfants d\u00e9c\u00e9d\u00e9s sont d&rsquo;origine guin\u00e9enne. Ils ont \u00e9t\u00e9 atteints par les flammes en l&rsquo;absence de leur m\u00e8re. <\/p>\n\n\n\n<p><strong>Le soir<\/strong><\/p>\n","protected":false},"excerpt":{"rendered":"<p>Un incendie a \u00e9t\u00e9 signal\u00e9 mercredi vers 12h45 dans une maison de trois \u00e9tages situ\u00e9e avenue Prudent Bols \u00e0 Laeken, a indiqu\u00e9 dans l\u2019apr\u00e8s-midi le porte-parole des pompiers de Bruxelles Walter Derieuw. Les secours ont transf\u00e9r\u00e9 vers les h\u00f4pitaux quatre personnes intoxiqu\u00e9es par la fum\u00e9e et deux personnes br\u00fbl\u00e9es, qui se trouvaient au premier \u00e9tage. [&hellip;]<\/p>\n","protected":false},"author":2,"featured_media":33351,"comment_status":"open","ping_status":"open","sticky":false,"template":"","format":"standard","meta":{"footnotes":""},"categories":[208],"tags":[2018,6911,190],"class_list":["post-33349","post","type-post","status-publish","format-standard","has-post-thumbnail","hentry","category-faits-divers","tag-belgique","tag-deux-enfants-guineens","tag-incendie"],"_links":{"self":[{"href":"https:\/\/www.friaguinee.net\/index.php\/wp-json\/wp\/v2\/posts\/33349","targetHints":{"allow":["GET"]}}],"collection":[{"href":"https:\/\/www.friaguinee.net\/index.php\/wp-json\/wp\/v2\/posts"}],"about":[{"href":"https:\/\/www.friaguinee.net\/index.php\/wp-json\/wp\/v2\/types\/post"}],"author":[{"embeddable":true,"href":"https:\/\/www.friaguinee.net\/index.php\/wp-json\/wp\/v2\/users\/2"}],"replies":[{"embeddable":true,"href":"https:\/\/www.friaguinee.net\/index.php\/wp-json\/wp\/v2\/comments?post=33349"}],"version-history":[{"count":2,"href":"https:\/\/www.friaguinee.net\/index.php\/wp-json\/wp\/v2\/posts\/33349\/revisions"}],"predecessor-version":[{"id":33352,"href":"https:\/\/www.friaguinee.net\/index.php\/wp-json\/wp\/v2\/posts\/33349\/revisions\/33352"}],"wp:featuredmedia":[{"embeddable":true,"href":"https:\/\/www.friaguinee.net\/index.php\/wp-json\/wp\/v2\/media\/33351"}],"wp:attachment":[{"href":"https:\/\/www.friaguinee.net\/index.php\/wp-json\/wp\/v2\/media?parent=33349"}],"wp:term":[{"taxonomy":"category","embeddable":true,"href":"https:\/\/www.friaguinee.net\/index.php\/wp-json\/wp\/v2\/categories?post=33349"},{"taxonomy":"post_tag","embeddable":true,"href":"https:\/\/www.friaguinee.net\/index.php\/wp-json\/wp\/v2\/tags?post=33349"}],"curies":[{"name":"wp","href":"https:\/\/api.w.org\/{rel}","templated":true}]}}