{"id":33241,"date":"2021-05-03T17:50:15","date_gmt":"2021-05-03T17:50:15","guid":{"rendered":"http:\/\/www.friaguinee.net\/?p=33241"},"modified":"2021-05-03T17:50:17","modified_gmt":"2021-05-03T17:50:17","slug":"liberte-de-la-presse-cest-loccasion-de-se-souvenir-des-journalistes-emprisonnes-ou-assassines-cellou-dalein-diallo","status":"publish","type":"post","link":"https:\/\/www.friaguinee.net\/index.php\/2021\/05\/03\/liberte-de-la-presse-cest-loccasion-de-se-souvenir-des-journalistes-emprisonnes-ou-assassines-cellou-dalein-diallo\/","title":{"rendered":"Libert\u00e9 de la presse : \u00ab\u00a0C\u2019est l\u2019occasion de se souvenir des journalistes emprisonn\u00e9s ou assassin\u00e9s&#8230; (Cellou Dalein Diallo)"},"content":{"rendered":"\n<p>L&rsquo;humanit\u00e9 c\u00e9l\u00e8bre ce 3 mai, la journ\u00e9e internationale de la libert\u00e9 de la presse. Cellou Dalein Diallo, pr\u00e9sident de l&rsquo;UFDG, a mis l&rsquo;occasion \u00e0 profit pour rendre hommage aux journalistes notamment Amadou Diould\u00e9 Diallo, d\u00e9tenu \u00e0 la maison centrale de Conakry. <\/p>\n\n\n\n<p>\u00ab\u00a0<strong><em>Les Nations Unies ont fait du 3 mai la journ\u00e9e mondiale de la presse. La libert\u00e9 de la presse est essentielle pour l\u2019existence et le fonctionnement d\u2019un \u00c9tat d\u00e9mocratique. Elle ne peut vivre que du pluralisme des id\u00e9es et de la diversit\u00e9 de leur expression. C\u2019est l\u2019occasion de se souvenir des journalistes emprisonn\u00e9s ou assassin\u00e9s dans l\u2019exercice de leur m\u00e9tier. J\u2019ai une pens\u00e9e profonde pour le journaliste Amadou Diould\u00e9 Diallo, ill\u00e9galement d\u00e9tenu \u00e0 la maison centrale de Conakry, malgr\u00e9 la d\u00e9p\u00e9nalisation des d\u00e9lits de presse.Le m\u00e9tier de journaliste est un sacerdoce. Il joue un r\u00f4le de sentinelle dans la d\u00e9fense de nos droits et libert\u00e9s. C\u2019est pourquoi toutes les dispositions doivent \u00eatre prises pour assurer sa s\u00e9curit\u00e9 et son ind\u00e9pendance<\/em><\/strong> \u00bb, a \u00e9crit le principal opposant du pouvoir d&rsquo;Alpha Cond\u00e9. <\/p>\n\n\n\n<p><strong>Mohamed pour friaguinee.net <\/strong><\/p>\n","protected":false},"excerpt":{"rendered":"<p>L&rsquo;humanit\u00e9 c\u00e9l\u00e8bre ce 3 mai, la journ\u00e9e internationale de la libert\u00e9 de la presse. Cellou Dalein Diallo, pr\u00e9sident de l&rsquo;UFDG, a mis l&rsquo;occasion \u00e0 profit pour rendre hommage aux journalistes notamment Amadou Diould\u00e9 Diallo, d\u00e9tenu \u00e0 la maison centrale de Conakry. \u00ab\u00a0Les Nations Unies ont fait du 3 mai la journ\u00e9e mondiale de la presse. [&hellip;]<\/p>\n","protected":false},"author":2,"featured_media":32045,"comment_status":"open","ping_status":"open","sticky":false,"template":"","format":"standard","meta":{"footnotes":""},"categories":[2],"tags":[6349,2114,148,3185],"class_list":["post-33241","post","type-post","status-publish","format-standard","has-post-thumbnail","hentry","category-actualites","tag-amadou-dioulde-diallo","tag-cellou-dalein-diallo","tag-guinee","tag-liberte-de-la-presse"],"_links":{"self":[{"href":"https:\/\/www.friaguinee.net\/index.php\/wp-json\/wp\/v2\/posts\/33241","targetHints":{"allow":["GET"]}}],"collection":[{"href":"https:\/\/www.friaguinee.net\/index.php\/wp-json\/wp\/v2\/posts"}],"about":[{"href":"https:\/\/www.friaguinee.net\/index.php\/wp-json\/wp\/v2\/types\/post"}],"author":[{"embeddable":true,"href":"https:\/\/www.friaguinee.net\/index.php\/wp-json\/wp\/v2\/users\/2"}],"replies":[{"embeddable":true,"href":"https:\/\/www.friaguinee.net\/index.php\/wp-json\/wp\/v2\/comments?post=33241"}],"version-history":[{"count":1,"href":"https:\/\/www.friaguinee.net\/index.php\/wp-json\/wp\/v2\/posts\/33241\/revisions"}],"predecessor-version":[{"id":33242,"href":"https:\/\/www.friaguinee.net\/index.php\/wp-json\/wp\/v2\/posts\/33241\/revisions\/33242"}],"wp:featuredmedia":[{"embeddable":true,"href":"https:\/\/www.friaguinee.net\/index.php\/wp-json\/wp\/v2\/media\/32045"}],"wp:attachment":[{"href":"https:\/\/www.friaguinee.net\/index.php\/wp-json\/wp\/v2\/media?parent=33241"}],"wp:term":[{"taxonomy":"category","embeddable":true,"href":"https:\/\/www.friaguinee.net\/index.php\/wp-json\/wp\/v2\/categories?post=33241"},{"taxonomy":"post_tag","embeddable":true,"href":"https:\/\/www.friaguinee.net\/index.php\/wp-json\/wp\/v2\/tags?post=33241"}],"curies":[{"name":"wp","href":"https:\/\/api.w.org\/{rel}","templated":true}]}}