{"id":32903,"date":"2021-04-25T12:11:32","date_gmt":"2021-04-25T12:11:32","guid":{"rendered":"http:\/\/www.friaguinee.net\/?p=32903"},"modified":"2021-04-25T12:11:33","modified_gmt":"2021-04-25T12:11:33","slug":"elections-a-la-feguifoot-10-questions-pour-mieux-comprendre","status":"publish","type":"post","link":"https:\/\/www.friaguinee.net\/index.php\/2021\/04\/25\/elections-a-la-feguifoot-10-questions-pour-mieux-comprendre\/","title":{"rendered":"Elections \u00e0 la feguifoot : 10 questions pour mieux comprendre"},"content":{"rendered":"\n<p><strong>1. L\u2019\u00e9lection au comit\u00e9 ex\u00e9cutif de la CAF du 12 mars a-t-elle un lien avec celle de la FEGUIFOOT du 14 Mai 2021 ?<\/strong><\/p>\n\n\n\n<p> R\u00e9ponse : Le seul point commun entre ces 2 \u00e9lections c\u2019est Mr Antonio Souar\u00e9 qui a \u00e9t\u00e9 candidat \u00e0 celle du 12 mars et est sur la liste des candidats de celle du 14 Mai 2021. <\/p>\n\n\n\n<p><strong>2. Quelle est la diff\u00e9rence fondamentale entre ces deux \u00e9lections ?<\/strong><\/p>\n\n\n\n<p> R\u00e9ponse : L\u2019\u00e9lection \u00e0 la CAF est adoss\u00e9e aux statuts et au code \u00e9lectoral de la CAF, celle de la FEGUIFOOT est quant \u00e0 elle adoss\u00e9e aux statuts et au code \u00e9lectoral de la FEGUIFOOT <\/p>\n\n\n\n<p><strong>3. Les Statuts et le code \u00e9lectoral de la CAF, sont-ils identiques aux statuts et au code \u00e9lectoral de la FEGUIFOOT ? <\/strong><\/p>\n\n\n\n<p>R\u00e9ponse : De la m\u00eame mani\u00e8re que les constitutions et codes \u00e9lectoraux des Pays sont diff\u00e9rents les uns des autres, les statuts et codes \u00e9lectoraux des associations de football sont aussi diff\u00e9rents les unes des autres. En langage claire, les statuts et code \u00e9lectoral de la CAF sont diff\u00e9rents de ceux de la FEGUIFOOT. <\/p>\n\n\n\n<p><strong>4. Peut-il y avoir jonction de proc\u00e9dure entre une affaire Antonio vs CAF et une affaire Antonio vs FEGUIFOOT ? <\/strong><\/p>\n\n\n\n<p>R\u00e9ponse : Impossible ! Les deux \u00e9lections sont totalement diff\u00e9rentes. La premi\u00e8re \u00e9lection, c\u2019est-\u00e0-dire celle de la CAF est une affaire class\u00e9e. Antonio Souar\u00e9 avait \u00e9t\u00e9 recal\u00e9 par la commission de gouvernance de la CAF sur la base des statuts et du code \u00e9lectoral de la CAF. Il a ensuite \u00e9t\u00e9 ramen\u00e9 dans le jeu par le TAS, suite \u00e0 un vice de forme ou de proc\u00e9dure. Il s\u2019est pr\u00e9sent\u00e9 et a \u00e9t\u00e9 battu. Dossier clos. <\/p>\n\n\n\n<p><strong>5. Le Verdict du TAS en faveur de Mr Antonio Souar\u00e9 dans le cadre des \u00e9lections de la CAF, peut-il lui \u00eatre utile dans le cadre des \u00e9lections de la FEGUIFOOT ? <\/strong><\/p>\n\n\n\n<p>R\u00e9ponse : Non absolument pas. Les \u00e9lections de la CAF sont termin\u00e9es et sont r\u00e9gies par les statuts et r\u00e8glements de la CAF. Celles de la FEGUIFOOT se d\u00e9rouleront le 14 Mai 2021, et sont r\u00e9gies par les statuts et les r\u00e8glements de la FEGUIFOOT <\/p>\n\n\n\n<p><strong>6. Pourquoi la candidature de Monsieur Antonio Souar\u00e9 doit \u00eatre recal\u00e9e dans le cadre des \u00e9lections pour le comit\u00e9 ex\u00e9cutif de la FEGUIFOOT ?<\/strong><\/p>\n\n\n\n<p> R\u00e9ponse : Par ce que suite \u00e0 son \u00ab plaider coupable \u00bb, son jugement et sa condamnation par la FIFA, il est sous le coup de l\u2019article 33 paragraphe 4 de la FEGUIFOOT, qui stipule que pour \u00eatre candidat au comit\u00e9 ex\u00e9cutif il faut \u00ab Ne pas avoir \u00e9t\u00e9 jug\u00e9 coupable de violation du Code d\u2019\u00e9thique de la FIFA, et\/ou de la CAF et\/ou de la FGF durant les cinq (05) ann\u00e9es pr\u00e9c\u00e9dant la candidature \u00bb Apr\u00e8s avoir plaid\u00e9 coupable de violation du code d\u2019\u00e9thique de la FIFA, Mr Antonio Souar\u00e9 a \u00e9t\u00e9 jug\u00e9 et condamn\u00e9. Il ne peut donc \u00eatre candidat \u00e0 sa propre succession. <\/p>\n\n\n\n<p><strong>7. La FIFA peut-elle d\u00e9clar\u00e9 Mr Antonio Souar\u00e9 \u00ab In\u00e9ligible \u00bb ? <\/strong><\/p>\n\n\n\n<p>R\u00e9ponse : Non, parce qu\u2019il s\u2019agit d\u2019une \u00e9lection de la FEGUIFOOT, r\u00e9gie par des statuts et r\u00e8glements de la FEGUIFOOT. Cependant Elle a le droit de veiller au respect des r\u00e8gles et statuts par les associations membres. (Voir lettre de la FIFA) <\/p>\n\n\n\n<p><strong>8. La FIFA et la CAF viendront-elles superviser les \u00e9lections si jamais la validation de la candidature de Mr Antonio Souar\u00e9 est confirm\u00e9e par la commission \u00e9lectorale de recours ? <\/strong>Non <\/p>\n\n\n\n<p><strong>9. En cas de confirmation de la candidature de Mr Antonio Souar\u00e9 que fera son challenger Mr Boubacar Tour\u00e9 ? <\/strong>Il s\u2019adressera au Tribunal arbitral du sport <\/p>\n\n\n\n<p><strong>10. Que risque la Guin\u00e9e dans cette affaire ?<\/strong> Notre pays risque d\u2019\u00eatre suspendu, le Syli national perdra sa place au profit de la Namibie, pour la prochaine CAN. Ensuite, un comit\u00e9 de normalisation sera mis en place.<\/p>\n\n\n\n<p><strong>Ziama<\/strong><\/p>\n","protected":false},"excerpt":{"rendered":"<p>1. L\u2019\u00e9lection au comit\u00e9 ex\u00e9cutif de la CAF du 12 mars a-t-elle un lien avec celle de la FEGUIFOOT du 14 Mai 2021 ? R\u00e9ponse : Le seul point commun entre ces 2 \u00e9lections c\u2019est Mr Antonio Souar\u00e9 qui a \u00e9t\u00e9 candidat \u00e0 celle du 12 mars et est sur la liste des candidats de [&hellip;]<\/p>\n","protected":false},"author":2,"featured_media":3267,"comment_status":"open","ping_status":"open","sticky":false,"template":"","format":"standard","meta":{"footnotes":""},"categories":[41],"tags":[6828,76,1786],"class_list":["post-32903","post","type-post","status-publish","format-standard","has-post-thumbnail","hentry","category-sport","tag-10-questions","tag-elections","tag-feguifoot"],"_links":{"self":[{"href":"https:\/\/www.friaguinee.net\/index.php\/wp-json\/wp\/v2\/posts\/32903","targetHints":{"allow":["GET"]}}],"collection":[{"href":"https:\/\/www.friaguinee.net\/index.php\/wp-json\/wp\/v2\/posts"}],"about":[{"href":"https:\/\/www.friaguinee.net\/index.php\/wp-json\/wp\/v2\/types\/post"}],"author":[{"embeddable":true,"href":"https:\/\/www.friaguinee.net\/index.php\/wp-json\/wp\/v2\/users\/2"}],"replies":[{"embeddable":true,"href":"https:\/\/www.friaguinee.net\/index.php\/wp-json\/wp\/v2\/comments?post=32903"}],"version-history":[{"count":3,"href":"https:\/\/www.friaguinee.net\/index.php\/wp-json\/wp\/v2\/posts\/32903\/revisions"}],"predecessor-version":[{"id":32906,"href":"https:\/\/www.friaguinee.net\/index.php\/wp-json\/wp\/v2\/posts\/32903\/revisions\/32906"}],"wp:featuredmedia":[{"embeddable":true,"href":"https:\/\/www.friaguinee.net\/index.php\/wp-json\/wp\/v2\/media\/3267"}],"wp:attachment":[{"href":"https:\/\/www.friaguinee.net\/index.php\/wp-json\/wp\/v2\/media?parent=32903"}],"wp:term":[{"taxonomy":"category","embeddable":true,"href":"https:\/\/www.friaguinee.net\/index.php\/wp-json\/wp\/v2\/categories?post=32903"},{"taxonomy":"post_tag","embeddable":true,"href":"https:\/\/www.friaguinee.net\/index.php\/wp-json\/wp\/v2\/tags?post=32903"}],"curies":[{"name":"wp","href":"https:\/\/api.w.org\/{rel}","templated":true}]}}