{"id":32825,"date":"2021-04-23T17:09:25","date_gmt":"2021-04-23T17:09:25","guid":{"rendered":"http:\/\/www.friaguinee.net\/?p=32825"},"modified":"2021-04-23T17:09:27","modified_gmt":"2021-04-23T17:09:27","slug":"guinee-pretendue-magouille-au-sein-de-la-fonction-publique-le-departement-incrimine-sort-du-silence","status":"publish","type":"post","link":"https:\/\/www.friaguinee.net\/index.php\/2021\/04\/23\/guinee-pretendue-magouille-au-sein-de-la-fonction-publique-le-departement-incrimine-sort-du-silence\/","title":{"rendered":"Guin\u00e9e\/Pr\u00e9tendue magouille au sein de la fonction publique : le d\u00e9partement incrimin\u00e9 sort du silence"},"content":{"rendered":"\n<p>Depuis un certain moment, nous constatons sur  les ondes de certains m\u00e9dias de la place, les d\u00e9clarations de  Monsieur Go\u00e9pogui Jean Pierre Koly se disant pr\u00e9sident d\u2019une association d\u00e9nomm\u00e9e collectif des fonctionnaires  dont les num\u00e9ros matricules semblent \u00eatre   trafiqu\u00e9s par certains cadres dit \u2013il du Minist\u00e8re en charge de la Fonction Publique.<\/p>\n\n\n\n<p> Dans ses d\u00e9clarations, Monsieur Koly ne cesse de prof\u00e9rer constamment des propos outrageants et injurieux contre des cadres de l\u2019Administration Publique. L\u2019int\u00e9ress\u00e9  justifie ses d\u00e9clarations par des actes administratifs dont les sources et  l\u2019authenticit\u00e9 ne sont pas connues.<\/p>\n\n\n\n<p>Malgr\u00e9 que  la plainte de M. Koly  soit en instruction judiciaire, il continue ses sorties m\u00e9diatiques avec des propos portant atteinte \u00e0 l\u2019honneur, \u00e0 la cr\u00e9dibilit\u00e9, \u00e0 l\u2019image et \u00e0 la vie priv\u00e9e des cadres. Ce comportement est contraire \u00e0  la Loi L\/2020\/0027\/AN du 19 d\u00e9cembre 2020, portant droit d\u2019acc\u00e8s \u00e0 l\u2019information Publique en R\u00e9publique de Guin\u00e9e, notamment dans son chapitre 3, articles 5  qui stipule que \u00ab \u2026les documents relatifs aux affaires judiciaires en cours d\u2019instruction\u2026 \u00bb font exception aux droits d\u2019acc\u00e8s \u00e0 l\u2019information publique.<\/p>\n\n\n\n<p>Nous faisons confiance \u00e0 la justice guin\u00e9enne et nous invitons les m\u00e9dias  \u00e0 respecter l\u2019\u00e9thique et la d\u00e9ontologie du journalisme en \u00e9quilibrant les sources d\u2019\u2019information dans l\u2019int\u00e9r\u00eat de la justice sociale. <\/p>\n\n\n\n<p>Le Minist\u00e8re de la Fonction Publique et du Travail, dans sa mission r\u00e9galienne de police de l\u2019Administration \u00e0 travers des structures des services Publics ainsi que de leurs effectifs, joue pleinement son r\u00f4le dans la gestion des Ressources Humaines de l\u2019Etat.<\/p>\n\n\n\n<p>Enfin, nous invitons les usagers des services publics et la population de rester sereins. Toute la lumi\u00e8re sera faite  sur cette affaire. <br>\n                                                                                     Conakry, le 23 avril 2021  Le  Service Communication et Relations Publiques                      Baba KOUYATE<\/p>\n","protected":false},"excerpt":{"rendered":"<p>Depuis un certain moment, nous constatons sur les ondes de certains m\u00e9dias de la place, les d\u00e9clarations de Monsieur Go\u00e9pogui Jean Pierre Koly se disant pr\u00e9sident d\u2019une association d\u00e9nomm\u00e9e collectif des fonctionnaires dont les num\u00e9ros matricules semblent \u00eatre trafiqu\u00e9s par certains cadres dit \u2013il du Minist\u00e8re en charge de la Fonction Publique. Dans ses d\u00e9clarations, [&hellip;]<\/p>\n","protected":false},"author":2,"featured_media":32827,"comment_status":"open","ping_status":"open","sticky":false,"template":"","format":"standard","meta":{"footnotes":""},"categories":[2],"tags":[1694,1367,148,6813,6812],"class_list":["post-32825","post","type-post","status-publish","format-standard","has-post-thumbnail","hentry","category-actualites","tag-communique","tag-fonction-publique","tag-guinee","tag-jean-koly-goepogui","tag-magouille"],"_links":{"self":[{"href":"https:\/\/www.friaguinee.net\/index.php\/wp-json\/wp\/v2\/posts\/32825","targetHints":{"allow":["GET"]}}],"collection":[{"href":"https:\/\/www.friaguinee.net\/index.php\/wp-json\/wp\/v2\/posts"}],"about":[{"href":"https:\/\/www.friaguinee.net\/index.php\/wp-json\/wp\/v2\/types\/post"}],"author":[{"embeddable":true,"href":"https:\/\/www.friaguinee.net\/index.php\/wp-json\/wp\/v2\/users\/2"}],"replies":[{"embeddable":true,"href":"https:\/\/www.friaguinee.net\/index.php\/wp-json\/wp\/v2\/comments?post=32825"}],"version-history":[{"count":2,"href":"https:\/\/www.friaguinee.net\/index.php\/wp-json\/wp\/v2\/posts\/32825\/revisions"}],"predecessor-version":[{"id":32828,"href":"https:\/\/www.friaguinee.net\/index.php\/wp-json\/wp\/v2\/posts\/32825\/revisions\/32828"}],"wp:featuredmedia":[{"embeddable":true,"href":"https:\/\/www.friaguinee.net\/index.php\/wp-json\/wp\/v2\/media\/32827"}],"wp:attachment":[{"href":"https:\/\/www.friaguinee.net\/index.php\/wp-json\/wp\/v2\/media?parent=32825"}],"wp:term":[{"taxonomy":"category","embeddable":true,"href":"https:\/\/www.friaguinee.net\/index.php\/wp-json\/wp\/v2\/categories?post=32825"},{"taxonomy":"post_tag","embeddable":true,"href":"https:\/\/www.friaguinee.net\/index.php\/wp-json\/wp\/v2\/tags?post=32825"}],"curies":[{"name":"wp","href":"https:\/\/api.w.org\/{rel}","templated":true}]}}