{"id":32654,"date":"2021-04-21T09:23:33","date_gmt":"2021-04-21T09:23:33","guid":{"rendered":"http:\/\/www.friaguinee.net\/?p=32654"},"modified":"2021-04-21T09:23:35","modified_gmt":"2021-04-21T09:23:35","slug":"belgique-les-corps-dun-autre-guineen-et-de-sa-fille-retrouves-dans-les-decombres-du-batiment-incendie-a-anderlecht","status":"publish","type":"post","link":"https:\/\/www.friaguinee.net\/index.php\/2021\/04\/21\/belgique-les-corps-dun-autre-guineen-et-de-sa-fille-retrouves-dans-les-decombres-du-batiment-incendie-a-anderlecht\/","title":{"rendered":"Belgique : les corps d&rsquo;un autre guin\u00e9en et de sa fille retrouv\u00e9s dans les d\u00e9combres du b\u00e2timent incendi\u00e9 \u00e0 Anderlecht"},"content":{"rendered":"\n<p>La police a d\u00e9couvert mardi deux corps sans vie apr\u00e8s l\u2019incendie Rue Heyvaert \u00e0 Anderlecht. Les victimes ont \u00e9t\u00e9 identifi\u00e9es comme \u00e9tant Alseny Sylla, un homme d\u2019origine guin\u00e9enne, et sa fille de 14 ans, Fatoumata. Ils habitaient au dernier \u00e9tage de l\u2019immeuble. \u201cJ\u2019ai tout de suite compris en voyant les d\u00e9g\u00e2ts que mon p\u00e8re et ma s\u0153ur n\u2019avaient pas surv\u00e9cu\u201d, confie Facinet Sylla (19 ans), le grand fr\u00e8re de Fatoumata, dans Het Laatste Nieuws. <\/p>\n\n\n\n<p>Pour rappel, l\u2019incendie \u00e0 Anderlecht a fait trois morts,\u00a0<a rel=\"noreferrer noopener\" href=\"https:\/\/www.7sur7.be\/belgique\/mamadou-a-peri-dans-lincendie-a-anderlecht-un-joueur-de-football-prometteur-qui-voulait-faire-quelque-chose-de-sa-vie~a6be58ef\/\" target=\"_blank\">apr\u00e8s celui de Mamadou Diallo.<\/a>\u00a0Quatre personnes, dont un enfant, sont toujours dans un \u00e9tat critique. Au total, 30 personnes ont \u00e9t\u00e9 bless\u00e9es dans l\u2019incendie.<\/p>\n\n\n\n<p>Votre nom&nbsp;Votre e-mail&nbsp;Nom du destinataire&nbsp;E-mail du destinataire&nbsp;Message&nbsp;&nbsp;Envoyez-moi une copieEnvoyer l&rsquo;e-mail<\/p>\n\n\n\n<p>\u201cLundi, vers 14 heures, mon t\u00e9l\u00e9phone portable a sonn\u00e9 tout \u00e0 coup\u201d, raconte Facinet, qui se trouvait seul chez lui, dans son appartement \u00e0 Saint-Gilles. \u201cC\u2019\u00e9tait un ami. Il m\u2019a demand\u00e9 si j\u2019\u00e9tais au courant pour l\u2019incendie Rue Heyvaert, la rue o\u00f9 habitent mon p\u00e8re et de ma soeur\u201d.<\/p>\n\n\n\n<p>Le jeune homme s\u2019est rendu tout de suite sur les lieux et est rest\u00e9 l\u00e0 pendant des heures, esp\u00e9rant recevoir de bonnes nouvelles. \u201cPapa et Fatoumata vivaient ensemble depuis presque six mois. Ils \u00e9taient comme les deux doigts de la main. Il la faisait toujours rire. (sourires)\u201d.<\/p>\n\n\n\n<h2 class=\"wp-block-heading\">\u201cFatoumata \u00e9tait comme ma soeur jumelle\u201d<\/h2>\n\n\n\n<p>Alseny Sylla avait quitt\u00e9 la Guin\u00e9e il y a environ dix ans pour s\u2019installer en Belgique. Il a eu deux autres enfants ici. \u201cPapa travaillait dans la construction. Il faisait tout pour nous donner, \u00e0 moi et \u00e0 ses trois autres enfants, une belle vie. Papa \u00e9tait extr\u00eamement sympathique et appr\u00e9ci\u00e9. Regardez tous ces gens qui viennent ici pour nous soutenir.\u201d<\/p>\n\n\n\n<p>Famille, proches, connaissances \u00e9loign\u00e9es: ils \u00e9taient nombreux \u00e0 affluer dans la rue Heyvaert mardi pour soutenir Facinet face \u00e0 ce terrible drame.&nbsp;<\/p>\n\n\n\n<p>L\u2019adolescent ne voyait plus beaucoup son p\u00e8re ces derniers temps. \u201cJe suis moi-m\u00eame en train de suivre une formation en h\u00f4tellerie. Cela prend beaucoup de temps. \u00c0 cause de \u00e7a, nous nous sommes vus beaucoup moins souvent que d\u2019habitude (&#8230;) Mon p\u00e8re \u00e9tait tout pour moi. Et ma soeur, c\u2019\u00e9tait comme ma jumelle, m\u00eame si elle avait cinq ans de moins\u201d. Il la d\u00e9crit comme une adolescente joviale et souriante. \u201cFatoumata s\u2019amusait toujours\u201d.<\/p>\n\n\n\n<h2 class=\"wp-block-heading\">\u201cQuand je suis arriv\u00e9, j\u2019ai tout de suite compris\u201d<\/h2>\n\n\n\n<p>Facinet a appris la terrible nouvelle hier apr\u00e8s-midi sur les lieux du sinistre. \u201cUne polici\u00e8re \u00e9tait d\u00e9j\u00e0 venue me dire qu\u2019ils avaient trouv\u00e9 deux personnes, un adulte et un enfant.\u201d A ce moment, son p\u00e8re et sa soeur n\u2019avaient pas encore \u00e9t\u00e9 officiellement identifi\u00e9s. \u201cQuand je suis arriv\u00e9, j\u2019ai tout de suite compris: un tel incendie, tous ces d\u00e9g\u00e2ts, des heures de flammes, ils n\u2019auraient tout simplement pas pu survivre \u00e0 \u00e7a. J\u2019avais raison. Papa et Fatoumata ne sont plus l\u00e0. Je ne sais plus ce que je peux dire\u201d.<\/p>\n\n\n\n<p>Selon Het Laatste Nieuws, les deux corps ont \u00e9t\u00e9 retir\u00e9s des d\u00e9combres via le toit, en raison du risque d\u2019effondrement. C\u2019est un expert, qui s\u2019\u00e9tait rendu sur place mardi matin \u00e0 la demande du parquet, qui a aper\u00e7u les deux corps par la fen\u00eatre. \u00c0 l\u2019aide d\u2019un drone, la police a d\u00e9couvert les deux corps d\u2019Alseny et Fatoumata.<\/p>\n\n\n\n<h2 class=\"wp-block-heading\">Le parquet enqu\u00eate sur la cause de l\u2019incendie<\/h2>\n\n\n\n<p>Le b\u00e2timent de 4 \u00e9tages de la rue Heyvaert, sinistr\u00e9 \u00e0 la suite de l\u2019incendie de lundi matin, comptait 11 logements et 9 m\u00e9nages (28 personnes en tout), a indiqu\u00e9 mardi en fin de journ\u00e9e le bourgmestre d\u2019Anderlecht Fabrice Cumps.<\/p>\n\n\n\n<p>\u201cIl semble que ce ne soit pas un \u2018marchand de sommeil\u2019, mais ces donn\u00e9es n\u2019enl\u00e8vent rien \u00e0 la question d\u2019une \u00e9ventuelle surdensit\u00e9, car on ne dispose pas des surfaces des logements, ni \u00e0 la possibilit\u00e9 que des habitants ne soient pas domicili\u00e9s \u00e0 l\u2019adresse\u201d, commente le bourgmestre. \u201cSi on ne peut pas parler de \u2018marchand de sommeil\u2019, on peut certainement parler de \u2018mal-logement.  <\/p>\n\n\n\n<p> Dans le quartier, il y a des probl\u00e8mes de suroccupation dans des appartements et peut-\u00eatre aussi que les lieux n\u2019\u00e9taient pas conformes. Les experts se prononceront sur l\u2019origine de l\u2019incendie\u201d. <\/p>\n\n\n\n<p><strong>Avec 7sur7.be<\/strong><\/p>\n","protected":false},"excerpt":{"rendered":"<p>La police a d\u00e9couvert mardi deux corps sans vie apr\u00e8s l\u2019incendie Rue Heyvaert \u00e0 Anderlecht. Les victimes ont \u00e9t\u00e9 identifi\u00e9es comme \u00e9tant Alseny Sylla, un homme d\u2019origine guin\u00e9enne, et sa fille de 14 ans, Fatoumata. Ils habitaient au dernier \u00e9tage de l\u2019immeuble. \u201cJ\u2019ai tout de suite compris en voyant les d\u00e9g\u00e2ts que mon p\u00e8re et [&hellip;]<\/p>\n","protected":false},"author":2,"featured_media":32655,"comment_status":"open","ping_status":"open","sticky":false,"template":"","format":"standard","meta":{"footnotes":""},"categories":[208],"tags":[6782,6752,2018,6783,2006,190,6781],"class_list":["post-32654","post","type-post","status-publish","format-standard","has-post-thumbnail","hentry","category-faits-divers","tag-alseny-sylla","tag-anderlecht","tag-belgique","tag-fatoumata-sylla","tag-guineen","tag-incendie","tag-pere-et-fille"],"_links":{"self":[{"href":"https:\/\/www.friaguinee.net\/index.php\/wp-json\/wp\/v2\/posts\/32654","targetHints":{"allow":["GET"]}}],"collection":[{"href":"https:\/\/www.friaguinee.net\/index.php\/wp-json\/wp\/v2\/posts"}],"about":[{"href":"https:\/\/www.friaguinee.net\/index.php\/wp-json\/wp\/v2\/types\/post"}],"author":[{"embeddable":true,"href":"https:\/\/www.friaguinee.net\/index.php\/wp-json\/wp\/v2\/users\/2"}],"replies":[{"embeddable":true,"href":"https:\/\/www.friaguinee.net\/index.php\/wp-json\/wp\/v2\/comments?post=32654"}],"version-history":[{"count":1,"href":"https:\/\/www.friaguinee.net\/index.php\/wp-json\/wp\/v2\/posts\/32654\/revisions"}],"predecessor-version":[{"id":32656,"href":"https:\/\/www.friaguinee.net\/index.php\/wp-json\/wp\/v2\/posts\/32654\/revisions\/32656"}],"wp:featuredmedia":[{"embeddable":true,"href":"https:\/\/www.friaguinee.net\/index.php\/wp-json\/wp\/v2\/media\/32655"}],"wp:attachment":[{"href":"https:\/\/www.friaguinee.net\/index.php\/wp-json\/wp\/v2\/media?parent=32654"}],"wp:term":[{"taxonomy":"category","embeddable":true,"href":"https:\/\/www.friaguinee.net\/index.php\/wp-json\/wp\/v2\/categories?post=32654"},{"taxonomy":"post_tag","embeddable":true,"href":"https:\/\/www.friaguinee.net\/index.php\/wp-json\/wp\/v2\/tags?post=32654"}],"curies":[{"name":"wp","href":"https:\/\/api.w.org\/{rel}","templated":true}]}}