{"id":32522,"date":"2021-04-19T10:47:38","date_gmt":"2021-04-19T10:47:38","guid":{"rendered":"http:\/\/www.friaguinee.net\/?p=32522"},"modified":"2021-04-19T10:47:40","modified_gmt":"2021-04-19T10:47:40","slug":"senegal-la-demande-de-remise-en-liberte-de-lex-president-tchadien-hissene-habre-refusee-par-la-justice","status":"publish","type":"post","link":"https:\/\/www.friaguinee.net\/index.php\/2021\/04\/19\/senegal-la-demande-de-remise-en-liberte-de-lex-president-tchadien-hissene-habre-refusee-par-la-justice\/","title":{"rendered":"S\u00e9n\u00e9gal : la demande de remise en libert\u00e9 de l\u2019ex-pr\u00e9sident tchadien Hiss\u00e8ne Habr\u00e9 refus\u00e9e par la justice"},"content":{"rendered":"\n<p>Au S\u00e9n\u00e9gal, la nouvelle demande de permission d\u00e9pos\u00e9e par la d\u00e9fense de Hiss\u00e8ne&nbsp;Habr\u00e9 le 29 mars a \u00e9t\u00e9 refus\u00e9e dimanche 18 avril. L\u2019ancien pr\u00e9sident tchadien a \u00e9t\u00e9 condamn\u00e9 en 2016 \u00e0 perp\u00e9tuit\u00e9 par une juridiction africaine pour crimes contre l\u2019humanit\u00e9 lors de ses ann\u00e9es au pouvoir de 1982 \u00e0 1990. Depuis sa condamnation, il purge sa peine dans la prison Cap Manuel de Dakar. Il avait d\u00e9j\u00e0 b\u00e9n\u00e9fici\u00e9 en avril 2020 d\u2019une sortie de prison de 60 jours, accord\u00e9e par la justice s\u00e9n\u00e9galaise en raison de la pand\u00e9mie de Covid-19&nbsp;et ce malgr\u00e9 l\u2019indignation du collectif des victimes de son r\u00e9gime.<\/p>\n\n\n\n<p style=\"font-size:0\">Les avocats de Hiss\u00e8ne Habr\u00e9 avaient demand\u00e9 une nouvelle permission motiv\u00e9e par l\u2019\u00ab \u00e9tat de sant\u00e9 \u00bb de l\u2019ancien dirigeant tchadien, \u00e2g\u00e9 de 79 ans.<\/p>\n\n\n\n<p>Une demande refus\u00e9e par le juge d\u2019application des peines \u00e0 Dakar. \u00ab<em>Le raisonnement tenu pour refuser la permission est que la question de la sant\u00e9 est du ressort de la direction de l\u2019administration p\u00e9nitentiaire<\/em>\u00bb, indiquent ses avocats par voie de communiqu\u00e9. Ces derniers rel\u00e8vent pourtant que sa premi\u00e8re permission en avril 2020&nbsp;avait \u00e9t\u00e9 accord\u00e9e \u00ab<em>par le m\u00eame juge<\/em>\u00bb \u00e9tant donn\u00e9 sa vuln\u00e9rabilit\u00e9 au coronavirus. Ils d\u00e9noncent alors une \u00ab<em>r\u00e8gle de droit (..) \u00e0 g\u00e9om\u00e9trie variable<\/em>\u00bb.<\/p>\n\n\n\n<p>\u00ab<em>Ce n\u2019est que justice<\/em>\u00bb, a d\u00e9clar\u00e9 de son c\u00f4t\u00e9 Kaltouma Deffalah, victime du r\u00e9gime de Hiss\u00e8ne Habr\u00e9 qui a r\u00e9agi dans un communiqu\u00e9 de Human Rights Watch. \u00ab<em>L\u2019homme qui m\u2019a r\u00e9duite en esclavage doit purger sa peine conform\u00e9ment&nbsp;\u00e0 la loi<\/em>\u00bb, affirme cette h\u00f4tesse de l\u2019air, qui demande \u00e0 ce que soient vers\u00e9es les indemnit\u00e9s ordonn\u00e9es par le tribunal.<\/p>\n\n\n\n<p><strong>RFI<\/strong><\/p>\n","protected":false},"excerpt":{"rendered":"<p>Au S\u00e9n\u00e9gal, la nouvelle demande de permission d\u00e9pos\u00e9e par la d\u00e9fense de Hiss\u00e8ne&nbsp;Habr\u00e9 le 29 mars a \u00e9t\u00e9 refus\u00e9e dimanche 18 avril. L\u2019ancien pr\u00e9sident tchadien a \u00e9t\u00e9 condamn\u00e9 en 2016 \u00e0 perp\u00e9tuit\u00e9 par une juridiction africaine pour crimes contre l\u2019humanit\u00e9 lors de ses ann\u00e9es au pouvoir de 1982 \u00e0 1990. Depuis sa condamnation, il purge [&hellip;]<\/p>\n","protected":false},"author":3,"featured_media":32526,"comment_status":"open","ping_status":"open","sticky":false,"template":"","format":"standard","meta":{"footnotes":""},"categories":[2],"tags":[6739],"class_list":["post-32522","post","type-post","status-publish","format-standard","has-post-thumbnail","hentry","category-actualites","tag-la-mise-en-liberte-de-hissene-habre-refusee"],"_links":{"self":[{"href":"https:\/\/www.friaguinee.net\/index.php\/wp-json\/wp\/v2\/posts\/32522","targetHints":{"allow":["GET"]}}],"collection":[{"href":"https:\/\/www.friaguinee.net\/index.php\/wp-json\/wp\/v2\/posts"}],"about":[{"href":"https:\/\/www.friaguinee.net\/index.php\/wp-json\/wp\/v2\/types\/post"}],"author":[{"embeddable":true,"href":"https:\/\/www.friaguinee.net\/index.php\/wp-json\/wp\/v2\/users\/3"}],"replies":[{"embeddable":true,"href":"https:\/\/www.friaguinee.net\/index.php\/wp-json\/wp\/v2\/comments?post=32522"}],"version-history":[{"count":2,"href":"https:\/\/www.friaguinee.net\/index.php\/wp-json\/wp\/v2\/posts\/32522\/revisions"}],"predecessor-version":[{"id":32527,"href":"https:\/\/www.friaguinee.net\/index.php\/wp-json\/wp\/v2\/posts\/32522\/revisions\/32527"}],"wp:featuredmedia":[{"embeddable":true,"href":"https:\/\/www.friaguinee.net\/index.php\/wp-json\/wp\/v2\/media\/32526"}],"wp:attachment":[{"href":"https:\/\/www.friaguinee.net\/index.php\/wp-json\/wp\/v2\/media?parent=32522"}],"wp:term":[{"taxonomy":"category","embeddable":true,"href":"https:\/\/www.friaguinee.net\/index.php\/wp-json\/wp\/v2\/categories?post=32522"},{"taxonomy":"post_tag","embeddable":true,"href":"https:\/\/www.friaguinee.net\/index.php\/wp-json\/wp\/v2\/tags?post=32522"}],"curies":[{"name":"wp","href":"https:\/\/api.w.org\/{rel}","templated":true}]}}