{"id":32494,"date":"2021-04-18T15:15:52","date_gmt":"2021-04-18T15:15:52","guid":{"rendered":"http:\/\/www.friaguinee.net\/?p=32494"},"modified":"2021-04-18T15:15:53","modified_gmt":"2021-04-18T15:15:53","slug":"mali-violents-affrontements-dans-le-cercle-de-djenne-entre-chasseurs-dozos-et-jihadistes","status":"publish","type":"post","link":"https:\/\/www.friaguinee.net\/index.php\/2021\/04\/18\/mali-violents-affrontements-dans-le-cercle-de-djenne-entre-chasseurs-dozos-et-jihadistes\/","title":{"rendered":"Mali : violents affrontements dans le cercle de Djenn\u00e9 entre chasseurs dozos et jihadistes"},"content":{"rendered":"\n<h5 class=\"wp-block-heading\">Alors que chasseurs dozos et jihadistes de la katiba Macina se sont entendus dans le cercle de Niono, ils s\u2019affrontent violemment dans le cercle de Djenn\u00e9, dans le centre du Mali. Les derniers affrontements ont fait plusieurs dizaines de morts au cours des derniers jours, des villages br\u00fbl\u00e9s et des familles d\u00e9plac\u00e9es.<\/h5>\n\n\n\n<p>L\u2019origine du conflit remonte \u00e0 plus d\u2019un mois et demi. Les jihadistes de la katiba Macina, dirig\u00e9e par Amadou Kouffa et affili\u00e9e au Jnim (le Groupe de soutien \u00e0 l\u2019Islam et aux musulmans d\u2019Iyad Ag Ghaly, li\u00e9 \u00e0 Aqmi), implant\u00e9s dans le cercle de Djenn\u00e9 depuis plusieurs ann\u00e9es, stockent des sacs de riz pr\u00e9lev\u00e9s dans les villages du cercle. C\u2019est la \u00ab&nbsp;zakat \u00bb (aum\u00f4ne islamique) impos\u00e9e aux habitants. Ce jour-l\u00e0, \u00e0 la mi-f\u00e9vrier, des chasseurs traditionnels dozos d\u00e9cident d\u2019en r\u00e9cup\u00e9rer une partie.<\/p>\n\n\n\n<h4 class=\"wp-block-heading\">Plusieurs dizaines de morts<\/h4>\n\n\n\n<p>Commencent alors les repr\u00e9sailles, embuscades et attaques qui montent en grade au d\u00e9but de ce mois et culminent au cours de ces quatre derniers jours : les sources \u2013 s\u00e9curitaires, autorit\u00e9s locales, notables et responsables communautaires ou associatifs \u2013 \u00e9voquent des bilans tr\u00e8s variables et difficiles \u00e0 v\u00e9rifier :&nbsp;une dizaine, une trentaine, peut-\u00eatre une soixantaine de morts c\u00f4t\u00e9 chasseurs dozos, ainsi que des bless\u00e9s et des prisonniers.<\/p>\n\n\n\n<p>Les jihadistes de la katiba Macina auraient utilis\u00e9 plusieurs v\u00e9hicules arm\u00e9s de lance-roquettes. Au moins deux villages ont \u00e9galement \u00e9t\u00e9 br\u00fbl\u00e9s par les jihadistes, contraignant leurs habitants et ceux d\u2019autres villages riverains \u00e0 se r\u00e9fugier dans les communes alentours, notamment \u00e0 Djenn\u00e9 et Sofara.<\/p>\n\n\n\n<h4 class=\"wp-block-heading\">Tentatives d\u2019apaisement<\/h4>\n\n\n\n<p>Le cercle de Djenn\u00e9 avait fait l\u2019objet d\u2019un accord intercommunautaire en ao\u00fbt 2019, pour garantir la libre-circulation de tous les habitants : agriculteurs, bambaras ou bozos, et \u00e9leveurs peuls. L\u2019accord avait \u00e9t\u00e9 sign\u00e9 par les repr\u00e9sentants de ces communaut\u00e9s et des chasseurs dozos, sous l\u2019\u00e9gide de l\u2019ONG Centre HD et des autorit\u00e9s maliennes locales.<\/p>\n\n\n\n<p>Son comit\u00e9 de suivi s\u2019est r\u00e9uni \u00e0 deux reprises pour tenter d\u2019apaiser la situation. Les repr\u00e9sentants des diff\u00e9rentes communaut\u00e9s cherchent actuellement \u00e0 mettre un terme \u00e0 ce nouveau cycle de violences.<\/p>\n\n\n\n<p>L\u2019arm\u00e9e malienne s\u2019est rendue sur les lieux ces derniers jours, mais n\u2019a pas souhait\u00e9 communiquer sur ses actions.<\/p>\n\n\n\n<p><strong>RFI<\/strong><br><\/p>\n","protected":false},"excerpt":{"rendered":"<p>Alors que chasseurs dozos et jihadistes de la katiba Macina se sont entendus dans le cercle de Niono, ils s\u2019affrontent violemment dans le cercle de Djenn\u00e9, dans le centre du Mali. Les derniers affrontements ont fait plusieurs dizaines de morts au cours des derniers jours, des villages br\u00fbl\u00e9s et des familles d\u00e9plac\u00e9es. L\u2019origine du conflit [&hellip;]<\/p>\n","protected":false},"author":3,"featured_media":31715,"comment_status":"open","ping_status":"open","sticky":false,"template":"","format":"standard","meta":{"footnotes":""},"categories":[2],"tags":[1189,6730,2519],"class_list":["post-32494","post","type-post","status-publish","format-standard","has-post-thumbnail","hentry","category-actualites","tag-affrontements","tag-entre-dozos-et-jihadistes","tag-mali"],"_links":{"self":[{"href":"https:\/\/www.friaguinee.net\/index.php\/wp-json\/wp\/v2\/posts\/32494","targetHints":{"allow":["GET"]}}],"collection":[{"href":"https:\/\/www.friaguinee.net\/index.php\/wp-json\/wp\/v2\/posts"}],"about":[{"href":"https:\/\/www.friaguinee.net\/index.php\/wp-json\/wp\/v2\/types\/post"}],"author":[{"embeddable":true,"href":"https:\/\/www.friaguinee.net\/index.php\/wp-json\/wp\/v2\/users\/3"}],"replies":[{"embeddable":true,"href":"https:\/\/www.friaguinee.net\/index.php\/wp-json\/wp\/v2\/comments?post=32494"}],"version-history":[{"count":1,"href":"https:\/\/www.friaguinee.net\/index.php\/wp-json\/wp\/v2\/posts\/32494\/revisions"}],"predecessor-version":[{"id":32495,"href":"https:\/\/www.friaguinee.net\/index.php\/wp-json\/wp\/v2\/posts\/32494\/revisions\/32495"}],"wp:featuredmedia":[{"embeddable":true,"href":"https:\/\/www.friaguinee.net\/index.php\/wp-json\/wp\/v2\/media\/31715"}],"wp:attachment":[{"href":"https:\/\/www.friaguinee.net\/index.php\/wp-json\/wp\/v2\/media?parent=32494"}],"wp:term":[{"taxonomy":"category","embeddable":true,"href":"https:\/\/www.friaguinee.net\/index.php\/wp-json\/wp\/v2\/categories?post=32494"},{"taxonomy":"post_tag","embeddable":true,"href":"https:\/\/www.friaguinee.net\/index.php\/wp-json\/wp\/v2\/tags?post=32494"}],"curies":[{"name":"wp","href":"https:\/\/api.w.org\/{rel}","templated":true}]}}